{"id":229,"date":"2017-03-20T13:51:19","date_gmt":"2017-03-20T12:51:19","guid":{"rendered":"https:\/\/dden33.org\/arcachon-sud\/?p=229"},"modified":"2023-01-23T13:37:50","modified_gmt":"2023-01-23T12:37:50","slug":"inauguration-de-lecole-elementaire-jules-ferry-a-gujan-mestras","status":"publish","type":"post","link":"https:\/\/dden33.org\/arcachon-sud\/2017\/03\/20\/inauguration-de-lecole-elementaire-jules-ferry-a-gujan-mestras\/","title":{"rendered":"Inauguration de l&rsquo;\u00e9cole \u00e9l\u00e9mentaire Jules Ferry \u00e0 Gujan-Mestras"},"content":{"rendered":"<p>Samedi 18 mars, l\u2019\u00e9cole \u00e9l\u00e9mentaire Jules Ferry de Gujan-Mestras a \u00e9t\u00e9 inaugur\u00e9e en pr\u00e9sence du\u00a0 DASEN et de nombreux \u00e9lus et personnalit\u00e9s de la communaut\u00e9 d\u2019agglom\u00e9ration Bassin d\u2019Arcachon- Sud.<\/p>\n<p>Apr\u00e8s 18 mois de travaux durant lesquels les \u00e9l\u00e8ves ont \u00e9t\u00e9 accueillis provisoirement dans des\u00a0 locaux \u00e0 La Hume, enfants et enseignants ont investi leur nouvelle \u00e9cole le 6 mars.<\/p>\n<p>Les 5 DDEN de la commune \u00e9taient pr\u00e9sents ainsi que la pr\u00e9sidente de d\u00e9l\u00e9gation pour cette\u00a0 inauguration qui a commenc\u00e9 par une visite des locaux sous la conduite de l\u2019architecte.<\/p>\n<p>Tous ont pu appr\u00e9cier les classes tr\u00e8s vastes, l\u2019ensemble tr\u00e8s lumineux, des mat\u00e9riaux nobles,\u00a0 beaucoup de salles d\u00e9di\u00e9es aux diverses activit\u00e9s (BCD, informatique, arts plastiques) et un espace\u00a0 de restauration tr\u00e8s r\u00e9ussi. Une large concertation en amont a permis ce r\u00e9sultat qui donne d\u00e9j\u00e0\u00a0 toute satisfaction aux utilisateurs.<\/p>\n<p>Pendant les discours des diverses personnalit\u00e9s, les enfants ont b\u00e9n\u00e9fici\u00e9 d\u2019activit\u00e9s r\u00e9cr\u00e9atives\u00a0 organis\u00e9es dans la cour par les animateurs de la COBAS.<\/p>\n<p>Un vin d\u2019honneur a cl\u00f4tur\u00e9 la matin\u00e9e pour les nombreux participants \u00e0 cette inauguration.<\/p>\n<p>Agn\u00e8s JEANNOT<br \/>\nPr\u00e9sidente de la d\u00e9l\u00e9gation d&rsquo;Arcachon Sud<\/p>\n<p style=\"text-align: center;\">\r\n\t<div class=\"slideshow_container slideshow_container_style-light\" style=\"height: 200px; \" data-slideshow-id=\"231\" data-style-name=\"style-light\" data-style-version=\"2.3.1\" >\r\n\r\n\t\t\t\t\t<div class=\"slideshow_loading_icon\"><\/div>\r\n\t\t\r\n\t\t<div class=\"slideshow_content\" style=\"display: none;\">\r\n\r\n\t\t\t<div class=\"slideshow_view\">\r\n\t\t\t\t<div class=\"slideshow_slide slideshow_slide_image\">\r\n\t\t\t\t\t\t\t\t\t\t\t<img src=\"https:\/\/dden33.org\/arcachon-sud\/wp-content\/uploads\/sites\/3\/2017\/03\/DSCF5612.jpg\" alt=\"DSCF5612\" width=\"1944\" height=\"2592\" \/>\r\n\t\t\t\t\t\t\t\t\t\t<div class=\"slideshow_description_box slideshow_transparent\">\r\n\t\t\t\t\t\t<div class=\"slideshow_title\">DSCF5612<\/div>\t\t\t\t\t\t\t\t\t\t\t<\/div>\r\n\t\t\t\t<\/div>\r\n\r\n\t\t\t\t\t\t<div style=\"clear: both;\"><\/div><\/div><div class=\"slideshow_view\">\r\n\t\t\t\t<div class=\"slideshow_slide slideshow_slide_image\">\r\n\t\t\t\t\t\t\t\t\t\t\t<img src=\"https:\/\/dden33.org\/arcachon-sud\/wp-content\/uploads\/sites\/3\/2017\/03\/DSCF5606.jpg\" alt=\"DSCF5606\" width=\"2592\" height=\"1944\" \/>\r\n\t\t\t\t\t\t\t\t\t\t<div class=\"slideshow_description_box slideshow_transparent\">\r\n\t\t\t\t\t\t<div class=\"slideshow_title\">DSCF5606<\/div>\t\t\t\t\t\t\t\t\t\t\t<\/div>\r\n\t\t\t\t<\/div>\r\n\r\n\t\t\t\t\t\t<div style=\"clear: both;\"><\/div><\/div><div class=\"slideshow_view\">\r\n\t\t\t\t<div class=\"slideshow_slide slideshow_slide_image\">\r\n\t\t\t\t\t\t\t\t\t\t\t<img src=\"https:\/\/dden33.org\/arcachon-sud\/wp-content\/uploads\/sites\/3\/2017\/03\/DSCF5607.jpg\" alt=\"DSCF5607\" width=\"2592\" height=\"1944\" \/>\r\n\t\t\t\t\t\t\t\t\t\t<div class=\"slideshow_description_box slideshow_transparent\">\r\n\t\t\t\t\t\t<div class=\"slideshow_title\">DSCF5607<\/div>\t\t\t\t\t\t\t\t\t\t\t<\/div>\r\n\t\t\t\t<\/div>\r\n\r\n\t\t\t\t\t\t<div style=\"clear: both;\"><\/div><\/div><div class=\"slideshow_view\">\r\n\t\t\t\t<div class=\"slideshow_slide slideshow_slide_image\">\r\n\t\t\t\t\t\t\t\t\t\t\t<img src=\"https:\/\/dden33.org\/arcachon-sud\/wp-content\/uploads\/sites\/3\/2017\/03\/DSCF5608.jpg\" alt=\"DSCF5608\" width=\"2592\" height=\"1944\" \/>\r\n\t\t\t\t\t\t\t\t\t\t<div class=\"slideshow_description_box slideshow_transparent\">\r\n\t\t\t\t\t\t<div class=\"slideshow_title\">DSCF5608<\/div>\t\t\t\t\t\t\t\t\t\t\t<\/div>\r\n\t\t\t\t<\/div>\r\n\r\n\t\t\t\t\t\t<div style=\"clear: both;\"><\/div><\/div><div class=\"slideshow_view\">\r\n\t\t\t\t<div class=\"slideshow_slide slideshow_slide_image\">\r\n\t\t\t\t\t\t\t\t\t\t\t<img src=\"https:\/\/dden33.org\/arcachon-sud\/wp-content\/uploads\/sites\/3\/2017\/03\/DSCF5609.jpg\" alt=\"DSCF5609\" width=\"2592\" height=\"1944\" \/>\r\n\t\t\t\t\t\t\t\t\t\t<div class=\"slideshow_description_box slideshow_transparent\">\r\n\t\t\t\t\t\t<div class=\"slideshow_title\">DSCF5609<\/div>\t\t\t\t\t\t\t\t\t\t\t<\/div>\r\n\t\t\t\t<\/div>\r\n\r\n\t\t\t\t\t\t<div style=\"clear: both;\"><\/div><\/div><div class=\"slideshow_view\">\r\n\t\t\t\t<div class=\"slideshow_slide slideshow_slide_image\">\r\n\t\t\t\t\t\t\t\t\t\t\t<img src=\"https:\/\/dden33.org\/arcachon-sud\/wp-content\/uploads\/sites\/3\/2017\/03\/DSCF5610.jpg\" alt=\"DSCF5610\" width=\"2592\" height=\"1944\" \/>\r\n\t\t\t\t\t\t\t\t\t\t<div class=\"slideshow_description_box slideshow_transparent\">\r\n\t\t\t\t\t\t<div class=\"slideshow_title\">DSCF5610<\/div>\t\t\t\t\t\t\t\t\t\t\t<\/div>\r\n\t\t\t\t<\/div>\r\n\r\n\t\t\t\t\t\t<div style=\"clear: both;\"><\/div><\/div>\r\n\t\t<\/div>\r\n\r\n\t\t<div class=\"slideshow_controlPanel slideshow_transparent\" style=\"display: none;\"><ul><li class=\"slideshow_togglePlay\" data-play-text=\"Play\" data-pause-text=\"Pause\"><\/li><\/ul><\/div>\r\n\r\n\t\t<div class=\"slideshow_button slideshow_previous slideshow_transparent\" role=\"button\" data-previous-text=\"Pr\u00e9c\u00e9dent\" style=\"display: none;\"><\/div>\r\n\t\t<div class=\"slideshow_button slideshow_next slideshow_transparent\" role=\"button\" data-next-text=\"Suivant\" style=\"display: none;\"><\/div>\r\n\r\n\t\t<div class=\"slideshow_pagination\" style=\"display: none;\" data-go-to-text=\"Go to slide\"><div class=\"slideshow_pagination_center\"><\/div><\/div>\r\n\r\n\t\t<!-- WordPress Slideshow Version 2.3.1 -->\r\n\r\n\t\t\t<\/div>\r\n\r\n<\/p>\n","protected":false},"excerpt":{"rendered":"<p>Samedi 18 mars, l\u2019\u00e9cole \u00e9l\u00e9mentaire Jules Ferry de Gujan-Mestras a \u00e9t\u00e9 inaugur\u00e9e en pr\u00e9sence du\u00a0 DASEN et de nombreux \u00e9lus et personnalit\u00e9s de la communaut\u00e9 d\u2019agglom\u00e9ration Bassin d\u2019Arcachon- Sud. Apr\u00e8s 18 mois de travaux durant lesquels les \u00e9l\u00e8ves ont \u00e9t\u00e9 accueillis provisoirement dans des\u00a0 locaux \u00e0 La Hume, enfants et enseignants ont investi leur nouvelle &hellip; <a href=\"https:\/\/dden33.org\/arcachon-sud\/2017\/03\/20\/inauguration-de-lecole-elementaire-jules-ferry-a-gujan-mestras\/\" class=\"more-link\">Continuer la lecture de <span class=\"screen-reader-text\">Inauguration de l&rsquo;\u00e9cole \u00e9l\u00e9mentaire Jules Ferry \u00e0 Gujan-Mestras<\/span> <span class=\"meta-nav\">&rarr;<\/span><\/a><\/p>\n","protected":false},"author":2,"featured_media":0,"comment_status":"closed","ping_status":"closed","sticky":false,"template":"","format":"standard","meta":{"_bbp_topic_count":0,"_bbp_reply_count":0,"_bbp_total_topic_count":0,"_bbp_total_reply_count":0,"_bbp_voice_count":0,"_bbp_anonymous_reply_count":0,"_bbp_topic_count_hidden":0,"_bbp_reply_count_hidden":0,"_bbp_forum_subforum_count":0,"_jetpack_memberships_contains_paid_content":false,"footnotes":""},"categories":[6],"tags":[],"class_list":["post-229","post","type-post","status-publish","format-standard","hentry","category-archive"],"jetpack_featured_media_url":"","jetpack_sharing_enabled":true,"_links":{"self":[{"href":"https:\/\/dden33.org\/arcachon-sud\/wp-json\/wp\/v2\/posts\/229","targetHints":{"allow":["GET"]}}],"collection":[{"href":"https:\/\/dden33.org\/arcachon-sud\/wp-json\/wp\/v2\/posts"}],"about":[{"href":"https:\/\/dden33.org\/arcachon-sud\/wp-json\/wp\/v2\/types\/post"}],"author":[{"embeddable":true,"href":"https:\/\/dden33.org\/arcachon-sud\/wp-json\/wp\/v2\/users\/2"}],"replies":[{"embeddable":true,"href":"https:\/\/dden33.org\/arcachon-sud\/wp-json\/wp\/v2\/comments?post=229"}],"version-history":[{"count":3,"href":"https:\/\/dden33.org\/arcachon-sud\/wp-json\/wp\/v2\/posts\/229\/revisions"}],"predecessor-version":[{"id":234,"href":"https:\/\/dden33.org\/arcachon-sud\/wp-json\/wp\/v2\/posts\/229\/revisions\/234"}],"wp:attachment":[{"href":"https:\/\/dden33.org\/arcachon-sud\/wp-json\/wp\/v2\/media?parent=229"}],"wp:term":[{"taxonomy":"category","embeddable":true,"href":"https:\/\/dden33.org\/arcachon-sud\/wp-json\/wp\/v2\/categories?post=229"},{"taxonomy":"post_tag","embeddable":true,"href":"https:\/\/dden33.org\/arcachon-sud\/wp-json\/wp\/v2\/tags?post=229"}],"curies":[{"name":"wp","href":"https:\/\/api.w.org\/{rel}","templated":true}]}}