{"id":235,"date":"2017-03-20T13:56:17","date_gmt":"2017-03-20T12:56:17","guid":{"rendered":"https:\/\/dden33.org\/arcachon-sud\/?p=235"},"modified":"2017-03-20T13:56:17","modified_gmt":"2017-03-20T12:56:17","slug":"inauguration-de-lecole-elementaire-jules-ferry-a-gujan-mestras-2","status":"publish","type":"post","link":"https:\/\/dden33.org\/arcachon-sud\/2017\/03\/20\/inauguration-de-lecole-elementaire-jules-ferry-a-gujan-mestras-2\/","title":{"rendered":"Inauguration de l&rsquo;\u00e9cole \u00e9l\u00e9mentaire Jules Ferry \u00e0 Gujan-Mestras"},"content":{"rendered":"<p>Samedi 18 mars, l\u2019\u00e9cole \u00e9l\u00e9mentaire Jules Ferry de Gujan-Mestras a \u00e9t\u00e9 inaugur\u00e9e en pr\u00e9sence du\u00a0 DASEN et de nombreux \u00e9lus et personnalit\u00e9s de la communaut\u00e9 d\u2019agglom\u00e9ration Bassin d\u2019Arcachon- Sud&#8230;. <a href=\"https:\/\/dden33.org\/arcachon-sud\/2017\/03\/20\/inauguration-de-lecole-elementaire-jules-ferry-a-gujan-mestras\/\">lire la suite<\/a><\/p>\n","protected":false},"excerpt":{"rendered":"<p>Samedi 18 mars, l\u2019\u00e9cole \u00e9l\u00e9mentaire Jules Ferry de Gujan-Mestras a \u00e9t\u00e9 inaugur\u00e9e en pr\u00e9sence du\u00a0 DASEN et de nombreux \u00e9lus et personnalit\u00e9s de la communaut\u00e9 d\u2019agglom\u00e9ration Bassin d\u2019Arcachon- Sud&#8230;. lire la suite<\/p>\n","protected":false},"author":2,"featured_media":0,"comment_status":"closed","ping_status":"closed","sticky":false,"template":"","format":"standard","meta":{"_bbp_topic_count":0,"_bbp_reply_count":0,"_bbp_total_topic_count":0,"_bbp_total_reply_count":0,"_bbp_voice_count":0,"_bbp_anonymous_reply_count":0,"_bbp_topic_count_hidden":0,"_bbp_reply_count_hidden":0,"_bbp_forum_subforum_count":0,"_jetpack_memberships_contains_paid_content":false,"footnotes":""},"categories":[3],"tags":[],"class_list":["post-235","post","type-post","status-publish","format-standard","hentry","category-article"],"jetpack_featured_media_url":"","jetpack_sharing_enabled":true,"_links":{"self":[{"href":"https:\/\/dden33.org\/arcachon-sud\/wp-json\/wp\/v2\/posts\/235","targetHints":{"allow":["GET"]}}],"collection":[{"href":"https:\/\/dden33.org\/arcachon-sud\/wp-json\/wp\/v2\/posts"}],"about":[{"href":"https:\/\/dden33.org\/arcachon-sud\/wp-json\/wp\/v2\/types\/post"}],"author":[{"embeddable":true,"href":"https:\/\/dden33.org\/arcachon-sud\/wp-json\/wp\/v2\/users\/2"}],"replies":[{"embeddable":true,"href":"https:\/\/dden33.org\/arcachon-sud\/wp-json\/wp\/v2\/comments?post=235"}],"version-history":[{"count":2,"href":"https:\/\/dden33.org\/arcachon-sud\/wp-json\/wp\/v2\/posts\/235\/revisions"}],"predecessor-version":[{"id":239,"href":"https:\/\/dden33.org\/arcachon-sud\/wp-json\/wp\/v2\/posts\/235\/revisions\/239"}],"wp:attachment":[{"href":"https:\/\/dden33.org\/arcachon-sud\/wp-json\/wp\/v2\/media?parent=235"}],"wp:term":[{"taxonomy":"category","embeddable":true,"href":"https:\/\/dden33.org\/arcachon-sud\/wp-json\/wp\/v2\/categories?post=235"},{"taxonomy":"post_tag","embeddable":true,"href":"https:\/\/dden33.org\/arcachon-sud\/wp-json\/wp\/v2\/tags?post=235"}],"curies":[{"name":"wp","href":"https:\/\/api.w.org\/{rel}","templated":true}]}}