{"id":28,"date":"2016-05-31T09:04:37","date_gmt":"2016-05-31T07:04:37","guid":{"rendered":"https:\/\/dden33.org\/arcachon-sud\/?p=28"},"modified":"2016-11-14T09:31:21","modified_gmt":"2016-11-14T08:31:21","slug":"compte-rendu-de-la-reunion-de-la-delegation-du-5-mars-2016-2","status":"publish","type":"post","link":"https:\/\/dden33.org\/arcachon-sud\/2016\/05\/31\/compte-rendu-de-la-reunion-de-la-delegation-du-5-mars-2016-2\/","title":{"rendered":"Compte rendu de la r\u00e9union de la d\u00e9l\u00e9gation du 5 mars 2016"},"content":{"rendered":"<p>Agn\u00e8s JEANNOT, Pr\u00e9sidente de la d\u00e9l\u00e9gation, accueille les participants,\u00a0 et remercie les DDEN\u00a0de leur pr\u00e9sence, ainsi que, tout particuli\u00e8rement, Monsieur Jacky NOUVEAU, pr\u00e9sident de la d\u00e9l\u00e9gation d\u00e9partementale et de l\u2019Union DDEN 33.<\/p>\n<p>Elle excuse les 7 DDEN absents, qui lui ont adress\u00e9 un courrier, expliquant leurs emp\u00eachements respectifs, et dont la plupart ont d\u00e9j\u00e0 fait passer leurs rapports de visite.<\/p>\n<p>Apr\u00e8s un rapide tour de table de pr\u00e9sentation,\u00a0<strong><u>le point est fait sur la <\/u><\/strong><em><strong><u>participation des DDEN<\/u><\/strong><\/em><strong><u> aux\u00a0 diverses r\u00e9unions et manifestations,<\/u><\/strong> tr\u00e8s variable selon les communes.<br \/>\nIl semble appara\u00eetre qu\u2019\u00e0\u00a0:<\/p>\n<p><strong>-Arcachon\u00a0:<\/strong> pas d\u2019invitation pour les r\u00e9unions concernant la Caisse des \u00c9coles,\u00a0 la restauration scolaire,\u00a0 et les travaux, invitation seulement pour la r\u00e9union annuelle de bilan des TAP.<\/p>\n<p><strong>-La Teste<\/strong>\u00a0: invitation pour\u00a0 toutes les r\u00e9unions (directeurs, caisse des \u00e9coles, restauration, comit\u00e9 de pilotage des TAP, projets de construction)<\/p>\n<p><strong>-Lugos\u00a0<\/strong>: ambiance tr\u00e8s conviviale, donc participation facilit\u00e9e et permanente.<\/p>\n<p><strong>-Salles<\/strong>\u00a0: participation \u00e0 la\u00a0 commission d\u00e9rogation, aux r\u00e9unions concernant les TAP, et aux commissions de s\u00e9curit\u00e9, et\u00a0 1 DDEN si\u00e8ge \u00e0 la\u00a0\u00a0 Caisse des \u00c9coles.<\/p>\n<p><strong>-Belin<\/strong>\u00a0: participation aux r\u00e9unions concernant les TAP.<\/p>\n<p><strong>-Gujan- Mestras<\/strong>\u00a0: \u00a0invitation \u00e0\u00a0 la r\u00e9union annuelle de bilan des TAP, et \u00e0 la commission restauration\u00a0; plus d\u2019invitation \u00e0 l\u2019AG de la Caisse des \u00c9coles depuis plusieurs ann\u00e9es.<\/p>\n<p><strong>Au niveau d\u00e9partemental<\/strong>,<\/p>\n<ol>\n<li>Jeannot regrette que, cette ann\u00e9e, les DDEN <strong>n\u2019aient pas \u00e9t\u00e9 convi\u00e9s aux r\u00e9unions d\u00e9centralis\u00e9es de pr\u00e9paration de la rentr\u00e9e, organis\u00e9es par le Dasen<\/strong>, et souligne qu\u2019il n\u2019y a <strong>pas eu de r\u00e9union acad\u00e9mique avec la d\u00e9l\u00e9gation d\u00e9partementale<\/strong>. Le Pr\u00e9sident en fera le rappel au Dasen. Il fera \u00e9galement un courrier au Pr\u00e9fet, pour qu\u2019il sensibilise\u00a0 les\u00a0 Maires \u00e0 la pr\u00e9sence souhait\u00e9e des DDEN aux r\u00e9unions concernant les PEDT, les travaux, les d\u00e9rogations, et aux commissions de s\u00e9curit\u00e9\u00a0(\u00e0 Bordeaux les DDEN y sont invit\u00e9s).<\/li>\n<\/ol>\n<p><strong><u>Le point sur les <\/u><\/strong><em><strong><u>effectifs\u00a0 et les travaux dans les \u00e9coles <\/u><\/strong>\u00a0\u00e0 :<\/em><\/p>\n<p><strong>-Arcachon\u00a0<\/strong>: mesure de sauvegarde envisag\u00e9e au Moulleau,\u00a0 interrogation sur le plan Vigiprate \u00e0 la mat. Abatilles.<\/p>\n<p><strong>-Belin\u00a0:<\/strong> le r\u00e9\u00e9quilibrage entre les \u00e9coles permet de r\u00e9guler les variations.\u00a0; travaux\u00a0 de r\u00e9novation (WC) n\u00e9cessaires et pr\u00e9vus\u00a0; pr\u00e9sence\u00a0 4 salles \u00ab\u00a0pr\u00e9fabriqu\u00e9es\u00a0\u00bb vieillissantes.<\/p>\n<p><strong>-Salles\u00a0<\/strong>: une fermeture s\u2019annonce \u00e0\u00a0 Bourg mat.; RAS au Lanot\u00a0; la restructuration et les travaux entrainent des situations difficiles \u00e0 Rive droite \u00e9l\u00e9m., avec des probl\u00e8mes de connexion tr\u00e8s g\u00eanants pour la gestion de l\u2019\u00e9cole.<\/p>\n<p>Cette commune envisage de changer l\u2019OTS avec organisation des TAP le vendredi apr\u00e8s-midi et abandon de la gratuit\u00e9.<\/p>\n<p><strong>-La Teste<\/strong>\u00a0: les probl\u00e8mes d\u2019infiltration d\u2019eau de Gambetta \u00e9l\u00e9m. ne sont toujours pas r\u00e9solus\u00a0; les effectifs de MIquelots sont en baisse\u00a0; le grillage trop bas de Miquelots mat. n\u2019a toujours pas \u00e9t\u00e9 rehauss\u00e9 mais une restructuration de l\u2019\u00e9cole est \u00e0 l\u2019\u00e9tude.<\/p>\n<p><strong>-Lugos\u00a0<\/strong>: l\u00e9g\u00e8re inqui\u00e9tude pour les effectifs dans les ann\u00e9es \u00e0 venir.<\/p>\n<p><strong>-Gujan\u00a0:<\/strong> 127 logements, prochainement livr\u00e9s, laissent pr\u00e9voir une augmentation des effectifs de La Fontaine \u00e9l\u00e9m. \u00e0\u00a0 anticiper\u00a0? Pas de pb\u00a0 \u00e0 Pasteur \u00e9l\u00e9m. ni \u00e0 J. Ferry \u00e9l\u00e9m. (d\u00e9plac\u00e9 au centre de loisirs l\u2019Infante, durant les travaux de reconstruction). Suite \u00e0 la situation d\u00e9crite \u00e0 Paul Pouget mat. concernant les lavabos trop hauts et les stores d\u00e9fectueux (alors que l\u2019\u00e9cole est neuve), ainsi que sur les conditions d\u2019application du PPMS, la discussion s\u2019engage\u00a0 sur ce dernier point\u00a0: selon les \u00e9coles, il a \u00e9t\u00e9 contradictoirement demand\u00e9 que les enfants soient ou non facilement localisables de l\u2019ext\u00e9rieur<\/p>\n<p><strong>Plus g\u00e9n\u00e9ralement<\/strong>, des remplacements d\u2019enseignants ne sont pas effectu\u00e9s, et des d\u00e9charges de direction ne sont pas assur\u00e9es.<\/p>\n<p>Les rapports de visite remplis par chaque DDEN sont collect\u00e9s et A. Jeannot les remercie tous de leur engagement, et de leur travail. Elle les remettra \u00e0 l\u2019IEN apr\u00e8s en avoir r\u00e9alis\u00e9 la\u00a0 synth\u00e8se.<\/p>\n<p><em><strong><u>UNION DDEN 33<\/u><\/strong><\/em>\u00a0<em><strong>:<\/strong><\/em><\/p>\n<p>A\u00a0.JEANNOT recommande aux DDEN de <strong>promouvoir dans les conseils d\u2019\u00e9cole les op\u00e9rations \u00ab\u00a0Nature et Environnement\u00a0\u00bb et \u00ab\u00a0Patrimoine\u00a0\u00bb<\/strong>\u00a0: la p\u00e9riode d\u2019inscription est lanc\u00e9e. Il convient d\u2019insister sur ces informations qui parviennent par mail dans les \u00e9coles.<\/p>\n<p>Elle\u00a0 rappelle la date de la <strong>prochaine\u00a0 AG\u00a0le 2 avril \u00e0 Floirac<\/strong> et invite les DDEN \u00e0 y participer nombreux. Le th\u00e8me du d\u00e9bat sera <strong>\u00ab\u00a0multilinguisme et plurilinguisme \u00e0 l\u2019\u00e9cole\u00a0\u00bb.<\/strong><\/p>\n<p>Le Pr\u00e9sident insiste sur l\u2019importance de <strong>l\u2019Union qui fournit aux DDEN, infos et aide<\/strong>.<\/p>\n<p>A JEANNOT\u00a0 leur rappelle le devoir moral que constitue l\u2019adh\u00e9sion. Elle les invite aussi \u00e0 consulter r\u00e9guli\u00e8rement\u00a0 le <strong>site de la F\u00e9d\u00e9ration qui est riche d\u2019informations<\/strong> (le site d\u00e9partemental devrait \u00eatre\u00a0 cr\u00e9\u00e9 prochainement) et le blog de la d\u00e9l\u00e9gation (tout en pr\u00e9cisant qu\u2019elle adresse un mail \u00e0 tous, pour attirer l\u2019attention en cas d\u2019information ponctuelle\u00a0 importante). De m\u00eame, elle incite chacun \u00e0 continuer \u00e0 lui communiquer le cas \u00e9ch\u00e9ant toutes les\u00a0 informations locales.<\/p>\n<p>Le Pr\u00e9sident \u00e9voque <strong>le renouvellement \u00e0 venir<\/strong>. Il faut anticiper et envisager\u00a0 le recrutement.<\/p>\n<p>Il annonce \u00e9galement qu\u2019avec la mise en place des nouveaux cycles, le r\u00f4le des DDEN pourra \u00eatre\u00a0 \u00e9largi aux coll\u00e8ges.<\/p>\n<p>La r\u00e9union du <strong>troisi\u00e8me trimestre aura lieu,<\/strong> comme habituellement, fin mai \/d\u00e9but juin, sur <strong>le secteur du Val de l\u2019Eyre.<\/strong><\/p>\n<p>La s\u00e9ance est lev\u00e9e \u00e0 12h15. Un repas convivial a ensuite r\u00e9uni ceux qui pouvaient rester ainsi que quelques fid\u00e8les \u00ab\u00a0anciens\u00a0\u00bb que l\u2019on a toujours grand plaisir \u00e0 retrouver.<\/p>\n<p><strong>\u00a0PARTENARIAT\u00a0: A NOTER \u00e9galement que\u00a0<\/strong><\/p>\n<p><strong>par arr\u00eat\u00e9 du 3 mars 2016 :<\/strong><\/p>\n<p>la <strong>F\u00e9d\u00e9ration Nationale des D\u00e9l\u00e9gu\u00e9s de l\u2019Education Nationale<\/strong> vient de recevoir <strong><u>l\u2019agr\u00e9ment <\/u><\/strong>de la ministre de l\u2019Education nationale au titre <strong>\u00ab\u00a0des associations \u00e9ducatives compl\u00e9mentaires de l&rsquo;enseignement public\u00a0\u00bb pour une dur\u00e9e de 5 ans.<\/strong> Ce qui constitue bien une reconnaissance de la mission officielle des DDEN, dont on peut trouver la d\u00e9finition pr\u00e9cise, l\u2019historique et les structures dans l\u2019encart sp\u00e9cial de <strong>la revue \u00ab\u00a0le D\u00e9l\u00e9gu\u00e9\u00a0\u00bb N\u00b0246 de mars 2016,<\/strong> \u00e9dit\u00e9e par la F\u00e9d\u00e9ration, que vient de recevoir chaque DDEN adh\u00e9rent \u00e0 l\u2019UNION DDEN33<\/p>\n<p style=\"text-align: justify;\"><a href=\"https:\/\/dden33.org\/arcachon-sud\/2016\/05\/31\/compte-rendu-de-la-reunion-de-la-delegation-du-5-mars-2016-2\"> Retour haut de page<\/a><\/p>\n","protected":false},"excerpt":{"rendered":"<p>Agn\u00e8s JEANNOT, Pr\u00e9sidente de la d\u00e9l\u00e9gation, accueille les participants,\u00a0 et remercie les DDEN\u00a0de leur pr\u00e9sence, ainsi que, tout particuli\u00e8rement, Monsieur Jacky NOUVEAU, pr\u00e9sident de la d\u00e9l\u00e9gation d\u00e9partementale et de l\u2019Union DDEN 33. Elle excuse les 7 DDEN absents, qui lui ont adress\u00e9 un courrier, expliquant leurs emp\u00eachements respectifs, et dont la plupart ont d\u00e9j\u00e0 fait &hellip; <a href=\"https:\/\/dden33.org\/arcachon-sud\/2016\/05\/31\/compte-rendu-de-la-reunion-de-la-delegation-du-5-mars-2016-2\/\" class=\"more-link\">Continuer la lecture de <span class=\"screen-reader-text\">Compte rendu de la r\u00e9union de la d\u00e9l\u00e9gation du 5 mars 2016<\/span> <span class=\"meta-nav\">&rarr;<\/span><\/a><\/p>\n","protected":false},"author":1,"featured_media":0,"comment_status":"closed","ping_status":"closed","sticky":false,"template":"","format":"standard","meta":{"_bbp_topic_count":0,"_bbp_reply_count":0,"_bbp_total_topic_count":0,"_bbp_total_reply_count":0,"_bbp_voice_count":0,"_bbp_anonymous_reply_count":0,"_bbp_topic_count_hidden":0,"_bbp_reply_count_hidden":0,"_bbp_forum_subforum_count":0,"_jetpack_memberships_contains_paid_content":false,"footnotes":""},"categories":[3],"tags":[],"class_list":["post-28","post","type-post","status-publish","format-standard","hentry","category-article"],"jetpack_featured_media_url":"","jetpack_sharing_enabled":true,"_links":{"self":[{"href":"https:\/\/dden33.org\/arcachon-sud\/wp-json\/wp\/v2\/posts\/28","targetHints":{"allow":["GET"]}}],"collection":[{"href":"https:\/\/dden33.org\/arcachon-sud\/wp-json\/wp\/v2\/posts"}],"about":[{"href":"https:\/\/dden33.org\/arcachon-sud\/wp-json\/wp\/v2\/types\/post"}],"author":[{"embeddable":true,"href":"https:\/\/dden33.org\/arcachon-sud\/wp-json\/wp\/v2\/users\/1"}],"replies":[{"embeddable":true,"href":"https:\/\/dden33.org\/arcachon-sud\/wp-json\/wp\/v2\/comments?post=28"}],"version-history":[{"count":2,"href":"https:\/\/dden33.org\/arcachon-sud\/wp-json\/wp\/v2\/posts\/28\/revisions"}],"predecessor-version":[{"id":41,"href":"https:\/\/dden33.org\/arcachon-sud\/wp-json\/wp\/v2\/posts\/28\/revisions\/41"}],"wp:attachment":[{"href":"https:\/\/dden33.org\/arcachon-sud\/wp-json\/wp\/v2\/media?parent=28"}],"wp:term":[{"taxonomy":"category","embeddable":true,"href":"https:\/\/dden33.org\/arcachon-sud\/wp-json\/wp\/v2\/categories?post=28"},{"taxonomy":"post_tag","embeddable":true,"href":"https:\/\/dden33.org\/arcachon-sud\/wp-json\/wp\/v2\/tags?post=28"}],"curies":[{"name":"wp","href":"https:\/\/api.w.org\/{rel}","templated":true}]}}