{"id":290,"date":"2017-09-24T16:45:53","date_gmt":"2017-09-24T14:45:53","guid":{"rendered":"https:\/\/dden33.org\/arcachon-sud\/?p=290"},"modified":"2017-09-24T16:47:10","modified_gmt":"2017-09-24T14:47:10","slug":"compte-rendu-de-la-reunion-1-trimestre-20172018","status":"publish","type":"post","link":"https:\/\/dden33.org\/arcachon-sud\/2017\/09\/24\/compte-rendu-de-la-reunion-1-trimestre-20172018\/","title":{"rendered":"Compte rendu de la r\u00e9union 1\u00b0 trimestre 2017\/2018"},"content":{"rendered":"<p style=\"text-align: justify;\">Agn\u00e8s JEANNOT\u00a0accueille et remercie les DDEN pr\u00e9sents et excuse ceux qui n\u2019ont pu venir (Mmes Bonte, Fontaine, Sapin, Sentuc et Wiart, Mrs Constans, Peyrutie et Vagner) retenus par des obligations familiales, professionnelles ou m\u00e9dicales.<\/p>\n<p style=\"text-align: justify;\">Apr\u00e8s un tour de table de pr\u00e9sentation et l\u2019\u00e9vocation des situations de rentr\u00e9e (probl\u00e8mes de nominations, changements de rythmes scolaires, etc.), il est proc\u00e9d\u00e9 au contr\u00f4le des affectations pour ce nouveau mandat.<\/p>\n<p style=\"text-align: justify;\">Les DDEN ont re\u00e7u de la DSDEN leur nomination par courrier (sans affectation).<\/p>\n<p style=\"text-align: justify;\">Il est pr\u00e9cis\u00e9 que Le Directeur Acad\u00e9mique des Services de l\u2019Education Nationale de la Gironde (D.A.S.E.N) va proc\u00e9der \u00e0 la d\u00e9signation des D.D.E.N dans les \u00e9coles, et les services acad\u00e9miques transmettront prochainement la liste officielle des D\u00e9l\u00e9gu\u00e9s aux maires des communes concern\u00e9es et aux directeurs d\u2019\u00e9coles. Chaque D.D.E.N recevra sa carte officielle de la DSDEN.<\/p>\n<p style=\"text-align: justify;\">Mr Nouveau, pr\u00e9sident d\u00e9partemental, proc\u00e8de ensuite \u00e0 l\u2019\u00e9lection en vue de la pr\u00e9sidence de la d\u00e9l\u00e9gation (Mme Agn\u00e8s Jeannot est \u00e9lue \u00e0 l\u2019unanimit\u00e9) et de la vice-pr\u00e9sidence (Mme Monique Lafon est \u00e9lue \u00e0 l\u2019unanimit\u00e9).<\/p>\n<p style=\"text-align: justify;\">Il \u00e9voque le cadre juridique du code de l\u2019\u00e9ducation, et rappelle que, pour toute mission, il est n\u00e9cessaire de recevoir une convocation, afin de b\u00e9n\u00e9ficier de l\u2019assurance d\u2019\u00c9tat qui nous couvre lors des visites d\u2019\u00e9coles, des Conseils d\u2019\u00e9cole, des RV avec les services municipaux, etc.<\/p>\n<p style=\"text-align: justify;\">Il pr\u00e9sente l\u2019Union 33 et ses activit\u00e9s \u00e0 promouvoir. Divers documents sont distribu\u00e9s dont le rapport de visite quadriennal qui sera \u00e0 utiliser cette ann\u00e9e. Il conviendra de le remplir vers la mi-janvier afin qu\u2019il puisse servir de support \u00e0 la 2\u00b0 r\u00e9union de d\u00e9l\u00e9gation qui se tiendra vers la mi-f\u00e9vrier, et o\u00f9 sera \u00e9voqu\u00e9e la pr\u00e9paration de la carte scolaire pour la rentr\u00e9e 2018.<\/p>\n<p style=\"text-align: justify;\">Mme Birou, IEN, fait le point sur la rentr\u00e9e qui s\u2019annonce difficile. Elle pr\u00e9sente son \u00e9quipe de circonscription, les projets de r\u00e9seaux avec les coll\u00e8ges (qui font l\u2019objet d\u2019une formation inter degr\u00e9)\u00a0: le num\u00e9rique (Arcachon), les sciences (La Teste et Le Teich), les langues vivantes (Gujan Mestras), le num\u00e9rique et les langues vivantes (Salles).<\/p>\n<p style=\"text-align: justify;\">Elle constate avec satisfaction l\u2019excellente liaison avec les divers partenaires sur le secteur.<\/p>\n<p style=\"text-align: justify;\">Elle \u00e9voque les mesures de carte scolaire, les contrats aid\u00e9s, le \u00ab\u00a0p\u00f4le ressources\u00a0\u00bb int\u00e9grant l\u2019infirmi\u00e8re scolaire en compl\u00e9ment du RASED, le livret scolaire. Elle pr\u00e9sente les nouvelles \u00e9valuations des \u00e9l\u00e8ves et \u00e9voque sa note de rentr\u00e9e en direction des enseignants.<\/p>\n<p style=\"text-align: justify;\">Elle insiste sur la bienveillance mais aussi sur \u00ab\u00a0l\u2019exigence des enseignants envers eux-m\u00eames pour pouvoir \u00eatre exigeants vis-\u00e0-vis des \u00e9l\u00e8ves et des parents\u00a0\u00bb et la n\u00e9cessit\u00e9 d\u2019un climat de confiance interne et entre tous les partenaires.<\/p>\n<p style=\"text-align: justify;\">Elle remercie les DDEN de leur travail et de leur regard sur les \u00e9coles.<\/p>\n","protected":false},"excerpt":{"rendered":"<p>Agn\u00e8s JEANNOT\u00a0accueille et remercie les DDEN pr\u00e9sents et excuse ceux qui n\u2019ont pu venir (Mmes Bonte, Fontaine, Sapin, Sentuc et Wiart, Mrs Constans, Peyrutie et Vagner) retenus par des obligations familiales, professionnelles ou m\u00e9dicales. Apr\u00e8s un tour de table de pr\u00e9sentation et l\u2019\u00e9vocation des situations de rentr\u00e9e (probl\u00e8mes de nominations, changements de rythmes scolaires, etc.), &hellip; <a href=\"https:\/\/dden33.org\/arcachon-sud\/2017\/09\/24\/compte-rendu-de-la-reunion-1-trimestre-20172018\/\" class=\"more-link\">Continuer la lecture de <span class=\"screen-reader-text\">Compte rendu de la r\u00e9union 1\u00b0 trimestre 2017\/2018<\/span> <span class=\"meta-nav\">&rarr;<\/span><\/a><\/p>\n","protected":false},"author":2,"featured_media":0,"comment_status":"closed","ping_status":"closed","sticky":false,"template":"","format":"standard","meta":{"_bbp_topic_count":0,"_bbp_reply_count":0,"_bbp_total_topic_count":0,"_bbp_total_reply_count":0,"_bbp_voice_count":0,"_bbp_anonymous_reply_count":0,"_bbp_topic_count_hidden":0,"_bbp_reply_count_hidden":0,"_bbp_forum_subforum_count":0,"_jetpack_memberships_contains_paid_content":false,"footnotes":""},"categories":[3],"tags":[],"class_list":["post-290","post","type-post","status-publish","format-standard","hentry","category-article"],"jetpack_featured_media_url":"","jetpack_sharing_enabled":true,"_links":{"self":[{"href":"https:\/\/dden33.org\/arcachon-sud\/wp-json\/wp\/v2\/posts\/290","targetHints":{"allow":["GET"]}}],"collection":[{"href":"https:\/\/dden33.org\/arcachon-sud\/wp-json\/wp\/v2\/posts"}],"about":[{"href":"https:\/\/dden33.org\/arcachon-sud\/wp-json\/wp\/v2\/types\/post"}],"author":[{"embeddable":true,"href":"https:\/\/dden33.org\/arcachon-sud\/wp-json\/wp\/v2\/users\/2"}],"replies":[{"embeddable":true,"href":"https:\/\/dden33.org\/arcachon-sud\/wp-json\/wp\/v2\/comments?post=290"}],"version-history":[{"count":1,"href":"https:\/\/dden33.org\/arcachon-sud\/wp-json\/wp\/v2\/posts\/290\/revisions"}],"predecessor-version":[{"id":291,"href":"https:\/\/dden33.org\/arcachon-sud\/wp-json\/wp\/v2\/posts\/290\/revisions\/291"}],"wp:attachment":[{"href":"https:\/\/dden33.org\/arcachon-sud\/wp-json\/wp\/v2\/media?parent=290"}],"wp:term":[{"taxonomy":"category","embeddable":true,"href":"https:\/\/dden33.org\/arcachon-sud\/wp-json\/wp\/v2\/categories?post=290"},{"taxonomy":"post_tag","embeddable":true,"href":"https:\/\/dden33.org\/arcachon-sud\/wp-json\/wp\/v2\/tags?post=290"}],"curies":[{"name":"wp","href":"https:\/\/api.w.org\/{rel}","templated":true}]}}