{"id":30,"date":"2016-05-31T09:08:29","date_gmt":"2016-05-31T07:08:29","guid":{"rendered":"https:\/\/dden33.org\/arcachon-sud\/?p=30"},"modified":"2017-01-31T09:06:50","modified_gmt":"2017-01-31T08:06:50","slug":"presentation-de-la-delegation-des-dden-darcachon-sud","status":"publish","type":"post","link":"https:\/\/dden33.org\/arcachon-sud\/2016\/05\/31\/presentation-de-la-delegation-des-dden-darcachon-sud\/","title":{"rendered":"Pr\u00e9sentation de la D\u00e9l\u00e9gation des DDEN d\u2019Arcachon-Sud"},"content":{"rendered":"<p><em>&#8211; La d\u00e9l\u00e9gation intervient sur les <\/em><strong><em>17 \u00e9coles maternelles<\/em><\/strong><em> et les <\/em><strong><em>26 \u00e9coles \u00e9l\u00e9mentaires<\/em><\/strong><em> des 9 communes de la Circonscription, qui comprend les villes de la<\/em> <em><strong>COBAS<\/strong><\/em> <em>(Arcachon, La Teste de Buch, Gujan-Mestras et Le Teich) et du<\/em> <em><strong>Val de l&rsquo;Eyre<\/strong><\/em> <em>(Salles, Belin-B\u00e9liet, Lugos, Saint Magne et Le Barp).<\/em><\/p>\n<p><em>&#8211; Elle se compose actuellement de<\/em> <em><strong>24 d\u00e9l\u00e9gu\u00e9s pour les 43 \u00e9coles<\/strong><\/em> <em>publiques, certains assurant leur mission dans plusieurs \u00e9coles.<\/em><\/p>\n<p><em>&#8211;<\/em> <em>Ils ont un<\/em> <em><strong>r\u00f4le de m\u00e9diation entre tous les partenaires de la communaut\u00e9 \u00e9ducative<\/strong>(Enseignants, Parents d&rsquo;\u00e9l\u00e8ves, Maires, Inspection de l&rsquo;Education Nationale. Ils si\u00e8gent en qualit\u00e9 de<\/em> <em><strong>membres de droit au sein des Conseils d&rsquo;\u00e9coles<\/strong>.<\/em><\/p>\n<p><em>&#8211; Ils sont nomm\u00e9s pour un <\/em><strong><em>mandat de quatre ans<\/em><\/strong><em> par Monsieur le Directeur Acad\u00e9mique des Services de l&rsquo;Education Nationale (D.A.S.E.N) de la Gironde. Ils sont les seules personnes officiellement autoris\u00e9es \u00e0 p\u00e9n\u00e9trer dans les \u00e9coles, ainsi que le Maire et l&rsquo;Inspecteur de l&rsquo;Education Nationale.<\/em><\/p>\n<p><em>&#8211; <\/em><strong>Ont \u00e9t\u00e9 \u00e9lus,<\/strong><em> pour ce nouveau mandat (de septembre 2013 au 31 ao\u00fbt 2017)<\/em><strong>:<\/strong><\/p>\n<p><em>&#8211;<\/em> <em><strong>Agn\u00e8s JEANNOT \u00e0 la pr\u00e9sidence de la d\u00e9l\u00e9gation<\/strong>,<\/em> qui si\u00e8ge \u00e9galement au Conseil d&rsquo;administration de l&rsquo;UNION des DDEN de la Gironde.<\/p>\n<p><em><strong>-Monique LAFON, \u00e0 la vice-pr\u00e9sidence.<\/strong><\/em> <strong><em><br \/>\n<em>&#8212;&gt; Pour tout renseignement<\/em><\/em><\/strong> <em>vous pouvez contacter la Pr\u00e9sidente Mme JEANNOT,\u00a0\u00a0<\/em> <em>qui vous mettra en contact avec le DDEN de votre \u00e9cole. :\u00a0\u00a0\u00a0\u00a0 <a href=\"mailto:dupre.n@orange.fr\">ajeannot2000@yahoo.fr<\/a><\/em><\/p>\n<p><a href=\"https:\/\/dden33.org\/arcachon-sud\/2016\/05\/31\/presentation-de-la-delegation-des-dden-darcachon-sud\/\">Retour haut de page<\/a><\/p>\n<p>&nbsp;<\/p>\n","protected":false},"excerpt":{"rendered":"<p>&#8211; La d\u00e9l\u00e9gation intervient sur les 17 \u00e9coles maternelles et les 26 \u00e9coles \u00e9l\u00e9mentaires des 9 communes de la Circonscription, qui comprend les villes de la COBAS (Arcachon, La Teste de Buch, Gujan-Mestras et Le Teich) et du Val de l&rsquo;Eyre (Salles, Belin-B\u00e9liet, Lugos, Saint Magne et Le Barp). &#8211; Elle se compose actuellement de &hellip; <a href=\"https:\/\/dden33.org\/arcachon-sud\/2016\/05\/31\/presentation-de-la-delegation-des-dden-darcachon-sud\/\" class=\"more-link\">Continuer la lecture de <span class=\"screen-reader-text\">Pr\u00e9sentation de la D\u00e9l\u00e9gation des DDEN d\u2019Arcachon-Sud<\/span> <span class=\"meta-nav\">&rarr;<\/span><\/a><\/p>\n","protected":false},"author":1,"featured_media":0,"comment_status":"closed","ping_status":"closed","sticky":false,"template":"","format":"standard","meta":{"_bbp_topic_count":0,"_bbp_reply_count":0,"_bbp_total_topic_count":0,"_bbp_total_reply_count":0,"_bbp_voice_count":0,"_bbp_anonymous_reply_count":0,"_bbp_topic_count_hidden":0,"_bbp_reply_count_hidden":0,"_bbp_forum_subforum_count":0,"_jetpack_memberships_contains_paid_content":false,"footnotes":""},"categories":[3],"tags":[],"class_list":["post-30","post","type-post","status-publish","format-standard","hentry","category-article"],"jetpack_featured_media_url":"","jetpack_sharing_enabled":true,"_links":{"self":[{"href":"https:\/\/dden33.org\/arcachon-sud\/wp-json\/wp\/v2\/posts\/30","targetHints":{"allow":["GET"]}}],"collection":[{"href":"https:\/\/dden33.org\/arcachon-sud\/wp-json\/wp\/v2\/posts"}],"about":[{"href":"https:\/\/dden33.org\/arcachon-sud\/wp-json\/wp\/v2\/types\/post"}],"author":[{"embeddable":true,"href":"https:\/\/dden33.org\/arcachon-sud\/wp-json\/wp\/v2\/users\/1"}],"replies":[{"embeddable":true,"href":"https:\/\/dden33.org\/arcachon-sud\/wp-json\/wp\/v2\/comments?post=30"}],"version-history":[{"count":5,"href":"https:\/\/dden33.org\/arcachon-sud\/wp-json\/wp\/v2\/posts\/30\/revisions"}],"predecessor-version":[{"id":183,"href":"https:\/\/dden33.org\/arcachon-sud\/wp-json\/wp\/v2\/posts\/30\/revisions\/183"}],"wp:attachment":[{"href":"https:\/\/dden33.org\/arcachon-sud\/wp-json\/wp\/v2\/media?parent=30"}],"wp:term":[{"taxonomy":"category","embeddable":true,"href":"https:\/\/dden33.org\/arcachon-sud\/wp-json\/wp\/v2\/categories?post=30"},{"taxonomy":"post_tag","embeddable":true,"href":"https:\/\/dden33.org\/arcachon-sud\/wp-json\/wp\/v2\/tags?post=30"}],"curies":[{"name":"wp","href":"https:\/\/api.w.org\/{rel}","templated":true}]}}