{"id":300,"date":"2018-03-27T10:03:25","date_gmt":"2018-03-27T08:03:25","guid":{"rendered":"https:\/\/dden33.org\/arcachon-sud\/?p=300"},"modified":"2018-03-27T10:09:52","modified_gmt":"2018-03-27T08:09:52","slug":"reunion-du-2-trimestre-delegation-dden-arcachon-sud","status":"publish","type":"post","link":"https:\/\/dden33.org\/arcachon-sud\/2018\/03\/27\/reunion-du-2-trimestre-delegation-dden-arcachon-sud\/","title":{"rendered":"R\u00e9union du 2\u00b0 trimestre"},"content":{"rendered":"<h4><strong>Samedi 17 mars 2018 \u2013 Restaurant \u00ab Yvette \u00bb \u00e0 Arcachon.<\/strong><\/h4>\n<p>Agn\u00e8s JEANNOT, pr\u00e9sidente, accueille et remercie les DDEN pr\u00e9sents : Mme Avon, Mme Bonte, Mr Blond, Mme Canselier, Mme Coineau, Mr Constans, Mme de Vivie, Mme Darmusi\u00e9, Mme Fontaine, Mme Giuliani, Mme Lafon, Mme Mora, Mme Picq, Mme Sapin, Mme Vavasseur. (DDEN excus\u00e9s : Mme Larrue, Mr Peyrutie, Mme Reynier, Mme Sentuc, Mr Vagner, Mme Wiart) ainsi que Mr Nouveau, pr\u00e9sident d\u00e9partemental et de l\u2019Union 33.<br \/>\nApr\u00e8s un tour de table de pr\u00e9sentation, elle invite les participants \u00e0 lui remettre leurs rapports de visites (mod\u00e8le quadriennal). Elle en fera une synth\u00e8se pour l\u2019IEN.<br \/>\nBilan de la p\u00e9riode : Les lettres de nominations avec affections ainsi que les cartes officielles viennent d\u2019\u00eatre adress\u00e9es par la DSDEN \u00e0 tous les DDEN. Mr Nouveau pr\u00e9cise que les cartes de la F\u00e9d\u00e9ration et les timbres justificatifs vont l\u2019\u00eatre \u00e9galement bient\u00f4t. Mme Jeannot s\u2019assure que les DDEN sont bien invit\u00e9s aux diverses r\u00e9unions et la liste en est \u00e9voqu\u00e9e : \u00e9lections, conseil d\u2019\u00e9cole (elle \u00e9voque les nouvelles consignes du DASEN), commission restauration, caisse des \u00e9coles, r\u00e9union de directeurs, bilan TAP, colloque petite enfance, comit\u00e9 de pilotage des rythmes scolaires, r\u00e9union de chantier. Elle a particip\u00e9 pour le secteur \u00e0 la r\u00e9union d\u2019arrondissement (tr\u00e8s int\u00e9ressante) o\u00f9 sont pr\u00e9sent\u00e9es les perspectives de rentr\u00e9e ainsi qu\u2019\u00e0 la r\u00e9union des pr\u00e9sidents de d\u00e9l\u00e9gation suite au renouvellement quadriennal. Elle remercie les DDEN pour toutes les informations transmises r\u00e9guli\u00e8rement.<br \/>\nChaque DDEN est ensuite invit\u00e9 \u00e0 faire part de ses remarques et exposer les points essentiels (probl\u00e8mes d\u2019effectifs, de locaux, exp\u00e9riences originales, etc.) :<br \/>\n&#8211; Pour les effectifs, 3 fermetures et 2 ouvertures sont pr\u00e9vues ainsi que le glissement de la classe unique du Pyla vers l\u2019\u00e9cole du Moulleau avec pour cons\u00e9quence la fermeture de l\u2019\u00e9cole du Pyla.<br \/>\n&#8211; Les fermetures de classes envisag\u00e9es \u00e0 Salles ont caus\u00e9 des actions de parents avec occupation des \u00e9coles.<br \/>\n&#8211; 25% des enfants fr\u00e9quentant l\u2019\u00e9cole des Abatilles \u00e0 Arcachon r\u00e9sident hors commune. (c\u2019est le cas pour d\u2019 autres \u00e9coles d\u2019Arcachon)<br \/>\n&#8211; Concernant les rythmes scolaires, toutes les communes de la d\u00e9l\u00e9gation ont sollicit\u00e9 la d\u00e9rogation pour un retour \u00e0 la semaine de 4 jours. Il est rappel\u00e9 que la norme reste la semaine de 4 jours et demi.<br \/>\n&#8211; Les 3 chantiers des \u00e9coles en construction semblent avancer normalement. (Le Moulleau, La Teste maternelle Victor Hugo et Le Teich maternelle du Delta)<br \/>\n&#8211; A Salles Bourg, les enseignants ont une demande en instance pour l\u2019installation d\u2019un jardin p\u00e9dagogique.<br \/>\n&#8211; A La Teste, la proposition de modification du r\u00e8glement int\u00e9rieur des \u00e9coles concernant les modalit\u00e9s de garde des enfants en cas de retard des parents a fait d\u00e9bat. Les erreurs d\u2019inscription en restauration dues \u00e0 la saisie informatique posent \u00e9galement probl\u00e8me.<br \/>\n&#8211; Le probl\u00e8me de la violence et du harc\u00e8lement est \u00e9voqu\u00e9.<\/p>\n<p><strong>Infos UNION :<\/strong><\/p>\n<p>Distribution aux adh\u00e9rents des justificatifs de cotisation 2017 en vue de la d\u00e9claration fiscale.<br \/>\nOp\u00e9rations D\u00e9partementales : Deux \u00e9tablissements du secteur participeront cette ann\u00e9e \u00e0<br \/>\nl\u2019op\u00e9ration Nature et Environnement (Le Teich \u00e9l\u00e9mentaire le Delta et une classe de 6\u00b0 du coll\u00e8ge<br \/>\nMarie Bartette d\u2019Arcachon). Ils sont invit\u00e9s \u00e0 la journ\u00e9e d\u00e9partementale de valorisation qui aura lieu<br \/>\nau Jardin Botanique de Bordeaux le 4 juin prochain. La Pr\u00e9sidente rappelle qu\u2019il est important de<br \/>\npromouvoir cette op\u00e9ration ainsi que l\u2019op\u00e9ration \u00ab Patrimoine \u00bb.<br \/>\nElle remercie les DDEN qui r\u00e9pondent aux enqu\u00eates permettant ainsi une plus large transmission<br \/>\nd\u2019informations aupr\u00e8s de la F\u00e9d\u00e9ration.<br \/>\nL\u2019Assembl\u00e9e G\u00e9n\u00e9rale d\u00e9partementale aura lieu samedi 24 mars \u00e0 Villenave d\u2019Ornon et les<br \/>\ncandidatures au CA sont les bienvenues. Il est pr\u00e9vu un changement des statuts. Ils ont \u00e9t\u00e9 adress\u00e9s<\/p>\n<p>\u00e0 tous. La Pr\u00e9sidente incite les DDEN \u00e0 faire remonter leurs remarques \u00e0 ce sujet.<br \/>\nLa r\u00e9union s\u2019est termin\u00e9e \u00e0 12h15 et les discussions se sont poursuivies durant le repas auquel quelques conjoints et membres honoraires se sont joints.<\/p>\n","protected":false},"excerpt":{"rendered":"<p>Samedi 17 mars 2018 \u2013 Restaurant \u00ab Yvette \u00bb \u00e0 Arcachon. Agn\u00e8s JEANNOT, pr\u00e9sidente, accueille et remercie les DDEN pr\u00e9sents : Mme Avon, Mme Bonte, Mr Blond, Mme Canselier, Mme Coineau, Mr Constans, Mme de Vivie, Mme Darmusi\u00e9, Mme Fontaine, Mme Giuliani, Mme Lafon, Mme Mora, Mme Picq, Mme Sapin, Mme Vavasseur. (DDEN excus\u00e9s : &hellip; <a href=\"https:\/\/dden33.org\/arcachon-sud\/2018\/03\/27\/reunion-du-2-trimestre-delegation-dden-arcachon-sud\/\" class=\"more-link\">Continuer la lecture de <span class=\"screen-reader-text\">R\u00e9union du 2\u00b0 trimestre<\/span> <span class=\"meta-nav\">&rarr;<\/span><\/a><\/p>\n","protected":false},"author":2,"featured_media":0,"comment_status":"closed","ping_status":"closed","sticky":false,"template":"","format":"standard","meta":{"_bbp_topic_count":0,"_bbp_reply_count":0,"_bbp_total_topic_count":0,"_bbp_total_reply_count":0,"_bbp_voice_count":0,"_bbp_anonymous_reply_count":0,"_bbp_topic_count_hidden":0,"_bbp_reply_count_hidden":0,"_bbp_forum_subforum_count":0,"_jetpack_memberships_contains_paid_content":false,"footnotes":""},"categories":[3],"tags":[],"class_list":["post-300","post","type-post","status-publish","format-standard","hentry","category-article"],"jetpack_featured_media_url":"","jetpack_sharing_enabled":true,"_links":{"self":[{"href":"https:\/\/dden33.org\/arcachon-sud\/wp-json\/wp\/v2\/posts\/300","targetHints":{"allow":["GET"]}}],"collection":[{"href":"https:\/\/dden33.org\/arcachon-sud\/wp-json\/wp\/v2\/posts"}],"about":[{"href":"https:\/\/dden33.org\/arcachon-sud\/wp-json\/wp\/v2\/types\/post"}],"author":[{"embeddable":true,"href":"https:\/\/dden33.org\/arcachon-sud\/wp-json\/wp\/v2\/users\/2"}],"replies":[{"embeddable":true,"href":"https:\/\/dden33.org\/arcachon-sud\/wp-json\/wp\/v2\/comments?post=300"}],"version-history":[{"count":2,"href":"https:\/\/dden33.org\/arcachon-sud\/wp-json\/wp\/v2\/posts\/300\/revisions"}],"predecessor-version":[{"id":302,"href":"https:\/\/dden33.org\/arcachon-sud\/wp-json\/wp\/v2\/posts\/300\/revisions\/302"}],"wp:attachment":[{"href":"https:\/\/dden33.org\/arcachon-sud\/wp-json\/wp\/v2\/media?parent=300"}],"wp:term":[{"taxonomy":"category","embeddable":true,"href":"https:\/\/dden33.org\/arcachon-sud\/wp-json\/wp\/v2\/categories?post=300"},{"taxonomy":"post_tag","embeddable":true,"href":"https:\/\/dden33.org\/arcachon-sud\/wp-json\/wp\/v2\/tags?post=300"}],"curies":[{"name":"wp","href":"https:\/\/api.w.org\/{rel}","templated":true}]}}