{"id":304,"date":"2018-06-24T14:27:46","date_gmt":"2018-06-24T12:27:46","guid":{"rendered":"https:\/\/dden33.org\/arcachon-sud\/?p=304"},"modified":"2018-06-24T14:27:46","modified_gmt":"2018-06-24T12:27:46","slug":"3eme-reunion-de-lannee-2017-2018","status":"publish","type":"post","link":"https:\/\/dden33.org\/arcachon-sud\/2018\/06\/24\/3eme-reunion-de-lannee-2017-2018\/","title":{"rendered":"3\u00e8me r\u00e9union de l&rsquo;ann\u00e9e 2017-2018"},"content":{"rendered":"<p><strong><u>Pour la 3\u00b0 r\u00e9union de cette ann\u00e9e scolaire,<\/u><\/strong> les DDEN de la d\u00e9l\u00e9gation d\u2019Arcachon-Sud se sont\u00a0 retrouv\u00e9s \u00e0 Salles le mercredi 21 juin.<\/p>\n<p>Chacun a pu\u00a0 s\u2019exprimer sur le <strong>bilan de l\u2019ann\u00e9e \u00e9coul\u00e9e et les perspectives\u00a0 de rentr\u00e9e<\/strong> tant au niveau des effectifs que des locaux et des mouvements de personnels.<\/p>\n<p>Toutes les communes de la d\u00e9l\u00e9gation repasseront\u00a0 \u00e0 la <strong>semaine de 4 jours<\/strong> \u00e0 la prochaine rentr\u00e9e. Certaines communes maintiendront des animations au moment de la pause m\u00e9ridienne.<\/p>\n<p>Une tendance \u00e0 la <strong>baisse des effectifs<\/strong> dans certains secteurs fait craindre des suppressions de postes l\u2019an prochain ou l\u2019ann\u00e9e suivante.<\/p>\n<p>Les <strong>suppressions de postes du dispositif \u00ab\u00a0plus de maitres que de classes<\/strong>\u00a0\u00bb sont d\u00e9plor\u00e9es.<\/p>\n<p>Divers sujets ont aussi fait l\u2019objet d\u2019\u00e9changes\u00a0:<\/p>\n<p>&#8211;\u00a0\u00a0\u00a0\u00a0\u00a0\u00a0\u00a0\u00a0\u00a0 Changement de population sur certains quartiers entrainant des changements de comportement des \u00e9l\u00e8ves avec davantage de <strong>violence<\/strong>.<br \/>\n&#8211;\u00a0\u00a0\u00a0\u00a0\u00a0\u00a0\u00a0\u00a0\u00a0 Des <strong>locaux exigus<\/strong> difficilement compatibles avec l\u2019augmentation du nombre d\u2019\u00e9l\u00e8ves par classe.<br \/>\n&#8211;\u00a0\u00a0\u00a0\u00a0\u00a0\u00a0\u00a0\u00a0\u00a0 L\u2019<strong>agression<\/strong> d\u2019une directrice.<br \/>\n&#8211;\u00a0\u00a0\u00a0\u00a0\u00a0\u00a0\u00a0\u00a0\u00a0 Les moqueries \u00e0 l\u2019\u00e9gard des enfants d\u00e9nomm\u00e9s <strong>\u00ab\u00a0sans viande\u00a0\u00bb<\/strong> suite au choix du <strong>menu diff\u00e9renci\u00e9.<\/strong><br \/>\n&#8211;\u00a0\u00a0\u00a0\u00a0\u00a0\u00a0\u00a0\u00a0\u00a0 Le <strong>refus<\/strong> d\u2019une municipalit\u00e9 d\u2019installer un <strong>jardin p\u00e9dagogique<\/strong>.<br \/>\n&#8211;\u00a0\u00a0\u00a0\u00a0\u00a0\u00a0\u00a0\u00a0\u00a0 Les <strong>visites m\u00e9dicales<\/strong>.<br \/>\n&#8211;\u00a0\u00a0\u00a0\u00a0\u00a0\u00a0\u00a0\u00a0\u00a0 Le nouveau dispositif \u00ab\u00a0<strong>rentr\u00e9e en chantant<\/strong>\u00a0\u00bb et les modalit\u00e9s des <strong>rentr\u00e9es \u00e9chelonn\u00e9es<\/strong>.<br \/>\n&#8211;\u00a0\u00a0\u00a0\u00a0\u00a0\u00a0\u00a0\u00a0\u00a0 Une <strong>altercation<\/strong> directrice\/ adjoint au maire \u00e0 l\u2019issue d\u2019un conseil d\u2019\u00e9cole.<br \/>\n&#8211;\u00a0\u00a0\u00a0\u00a0\u00a0\u00a0\u00a0\u00a0\u00a0 La <strong>distribution d\u2019imprim\u00e9s<\/strong> \u00e9manant d\u2019associations locales.<br \/>\n&#8211;\u00a0\u00a0\u00a0\u00a0\u00a0\u00a0\u00a0\u00a0\u00a0 <strong>L\u2019absence d\u2019invitation et de compte-rendu du conseil d\u2019\u00e9cole pour le DDEN<\/strong>.<\/p>\n<p>Les \u00e9changes se sont poursuivis lors du repas qui a prolong\u00e9 cette matin\u00e9e de travail.<\/p>\n","protected":false},"excerpt":{"rendered":"<p>Pour la 3\u00b0 r\u00e9union de cette ann\u00e9e scolaire, les DDEN de la d\u00e9l\u00e9gation d\u2019Arcachon-Sud se sont\u00a0 retrouv\u00e9s \u00e0 Salles le mercredi 21 juin. Chacun a pu\u00a0 s\u2019exprimer sur le bilan de l\u2019ann\u00e9e \u00e9coul\u00e9e et les perspectives\u00a0 de rentr\u00e9e tant au niveau des effectifs que des locaux et des mouvements de personnels. Toutes les communes de &hellip; <a href=\"https:\/\/dden33.org\/arcachon-sud\/2018\/06\/24\/3eme-reunion-de-lannee-2017-2018\/\" class=\"more-link\">Continuer la lecture de <span class=\"screen-reader-text\">3\u00e8me r\u00e9union de l&rsquo;ann\u00e9e 2017-2018<\/span> <span class=\"meta-nav\">&rarr;<\/span><\/a><\/p>\n","protected":false},"author":2,"featured_media":0,"comment_status":"closed","ping_status":"closed","sticky":false,"template":"","format":"standard","meta":{"_bbp_topic_count":0,"_bbp_reply_count":0,"_bbp_total_topic_count":0,"_bbp_total_reply_count":0,"_bbp_voice_count":0,"_bbp_anonymous_reply_count":0,"_bbp_topic_count_hidden":0,"_bbp_reply_count_hidden":0,"_bbp_forum_subforum_count":0,"_jetpack_memberships_contains_paid_content":false,"footnotes":""},"categories":[3],"tags":[],"class_list":["post-304","post","type-post","status-publish","format-standard","hentry","category-article"],"jetpack_featured_media_url":"","jetpack_sharing_enabled":true,"_links":{"self":[{"href":"https:\/\/dden33.org\/arcachon-sud\/wp-json\/wp\/v2\/posts\/304","targetHints":{"allow":["GET"]}}],"collection":[{"href":"https:\/\/dden33.org\/arcachon-sud\/wp-json\/wp\/v2\/posts"}],"about":[{"href":"https:\/\/dden33.org\/arcachon-sud\/wp-json\/wp\/v2\/types\/post"}],"author":[{"embeddable":true,"href":"https:\/\/dden33.org\/arcachon-sud\/wp-json\/wp\/v2\/users\/2"}],"replies":[{"embeddable":true,"href":"https:\/\/dden33.org\/arcachon-sud\/wp-json\/wp\/v2\/comments?post=304"}],"version-history":[{"count":1,"href":"https:\/\/dden33.org\/arcachon-sud\/wp-json\/wp\/v2\/posts\/304\/revisions"}],"predecessor-version":[{"id":305,"href":"https:\/\/dden33.org\/arcachon-sud\/wp-json\/wp\/v2\/posts\/304\/revisions\/305"}],"wp:attachment":[{"href":"https:\/\/dden33.org\/arcachon-sud\/wp-json\/wp\/v2\/media?parent=304"}],"wp:term":[{"taxonomy":"category","embeddable":true,"href":"https:\/\/dden33.org\/arcachon-sud\/wp-json\/wp\/v2\/categories?post=304"},{"taxonomy":"post_tag","embeddable":true,"href":"https:\/\/dden33.org\/arcachon-sud\/wp-json\/wp\/v2\/tags?post=304"}],"curies":[{"name":"wp","href":"https:\/\/api.w.org\/{rel}","templated":true}]}}