{"id":311,"date":"2018-09-26T14:08:55","date_gmt":"2018-09-26T12:08:55","guid":{"rendered":"https:\/\/dden33.org\/arcachon-sud\/?p=311"},"modified":"2023-01-23T13:36:51","modified_gmt":"2023-01-23T12:36:51","slug":"reunion-de-la-circonscription-darcachon-sud","status":"publish","type":"post","link":"https:\/\/dden33.org\/arcachon-sud\/2018\/09\/26\/reunion-de-la-circonscription-darcachon-sud\/","title":{"rendered":"R\u00e9union de la circonscription d&rsquo;Arcachon-Sud"},"content":{"rendered":"<h2 style=\"text-align: center;\"><strong>Compte-Rendu de la r\u00e9union de rentr\u00e9e des DDEN &#8211; circonscription d\u2019Arcachon-Sud &#8211; <\/strong><\/h2>\n<h2 style=\"text-align: center;\"><strong>16 octobre 2018<\/strong><\/h2>\n<p><span style=\"text-decoration: underline;\"><strong>Membres pr\u00e9sents<\/strong><\/span> :<br \/>\nMme Birou, IEN,<br \/>\nMr Nouveau, Pr\u00e9sident D\u00e9partemental DDEN et de l\u2019Union 33,<br \/>\nMmes et Mrs, Avon, Blond, Bonte, Coineau, Constans, Darmusi\u00e9, De Vivie, Fontaine, Jeannot, Lafon, Sapin, Vavasseur, DDEN.<br \/>\n<span style=\"text-decoration: underline;\"><strong>\u00c9taient excus\u00e9s<\/strong> <\/span>:<br \/>\nMmes et Mrs Canselier, Guiliani, Larrue, Mora, Peyrutie, Picq, Sentuc et Wiart, DDEN.<\/p>\n<p>&#8211; Mme Jeannot, Pr\u00e9sidente, accueille les participants et remercie le directeur de l\u2019\u00e9cole Br\u00e9montier de La Teste pour la mise \u00e0 disposition de la salle ainsi que M. Nouveau, Pr\u00e9sident de la d\u00e9l\u00e9gation d\u00e9partementale et de l\u2019Union 33 et tous les DDEN pr\u00e9sents.<\/p>\n<p>Un tour de table permet \u00e0 chacun de faire part des constats de la rentr\u00e9e et des perspectives.<\/p>\n<p>Lors de ces \u00e9changes, sont \u00e9voqu\u00e9s :<br \/>\n&#8211; le peu de sollicitation des DDEN dans l\u2019organisation des \u00e9lections,<br \/>\n&#8211; le d\u00e9lai tr\u00e8s court pour la r\u00e9union des conseils d\u2019\u00e9cole du 1\u00b0 trimestre apr\u00e8s les \u00e9lections,<br \/>\n&#8211; le probl\u00e8me des commissions de s\u00e9curit\u00e9 o\u00f9 l\u00e0 encore les DDEN ne sont pas invit\u00e9s, (Le Pr\u00e9sident indique qu\u2019un courrier sera adress\u00e9 \u00e0 tous les maires afin de leur rappeler la n\u00e9cessaire invitation des DDEN \u00e0 toutes les r\u00e9unions et commissions en rapport avec leurs missions)<br \/>\n&#8211; l\u2019organisation et les modalit\u00e9s des visites m\u00e9dicales,<br \/>\n&#8211; les constats et pr\u00e9visions d\u2019effectifs.<br \/>\nMme Birou, Inspectrice de l\u2019\u00c9ducation Nationale, pr\u00e9sente le bilan de la rentr\u00e9e, les actualit\u00e9s acad\u00e9miques et le projet de circonscription. Elle \u00e9voque :<br \/>\n&#8211; la carte scolaire avec un constat de baisse depuis plusieurs ann\u00e9es sur la COBAS alors que des hausses sont constat\u00e9es sur le Val de l\u2019Eyre,<br \/>\n&#8211; l\u2019arriv\u00e9e de nouveaux principaux sur 2 coll\u00e8ges du secteur,<br \/>\n&#8211; la formation des enseignants qui a \u00e9t\u00e9 cadr\u00e9e au niveau acad\u00e9mique (essentiellement en maths et fran\u00e7ais) et qui propose des formations communes avec les enseignants de coll\u00e8ge,<br \/>\n&#8211; la s\u00e9curit\u00e9 des \u00e9l\u00e8ves et l\u2019absent\u00e9isme,<br \/>\n&#8211; le p\u00f4le ressources (compl\u00e9ment du RASED).<\/p>\n<p>Concernant le pilotage de la circonscription, elle insiste sur la continuit\u00e9 et la fluidit\u00e9 des apprentissages, le lien entre l\u2019\u00e9cole et le coll\u00e8ge, facilit\u00e9 par les nouvelles modalit\u00e9s du cycle 3 (pour lesquels les conseils de cycle sont tr\u00e8s cadr\u00e9s), l\u2019int\u00e9r\u00eat des \u00e9valuations.<\/p>\n<p>Le Pr\u00e9sident d\u00e9partemental rappelle l\u2019importance de l\u2019accompagnement de l\u2019Union par les informations et les diff\u00e9rentes publications et annonce la d\u00e9cision du Conseil d\u2019Administration de r\u00e9server dor\u00e9navant les publications et divers documents aux seuls adh\u00e9rents pour des raisons financi\u00e8res, les subventions du Conseil D\u00e9partemental ayant baiss\u00e9 de fa\u00e7on cons\u00e9quente.<br \/>\nIl pr\u00e9sente et distribue divers documents \u00e9labor\u00e9s par l\u2019Union 33 dans la pochette de la F\u00e9d\u00e9ration (\u00e0 utiliser dans les r\u00e9unions afin de se faire conna\u00eetre).<br \/>\n&#8211; 2 affichettes destin\u00e9es au tableau d\u2019affichage ext\u00e9rieur de l\u2019\u00e9cole pour une plus large information du r\u00f4le du DDEN qui peut y indiquer ses coordonn\u00e9es.<br \/>\n&#8211; 1 document plus complet indiquant les missions du DDEN qui peut \u00eatre dupliqu\u00e9 par chaque DDEN afin d\u2019informer les partenaires, parents, \u00e9lus, etc\u2026notamment lors du premier Conseil d\u2019\u00c9cole.<br \/>\n&#8211; le nouvel imprim\u00e9 de rapport de visite d\u2019\u00e9cole qu\u2019il sera souhaitable de compl\u00e9ter au mois de janvier et qui sera collect\u00e9 lors de la r\u00e9union du 2\u00b0 trimestre (fin janvier ou d\u00e9but f\u00e9vrier). Il a \u00e9t\u00e9 remani\u00e9 et il convient de ne plus utiliser l\u2019ancien mod\u00e8le.<br \/>\n&#8211; le bordereau d\u2019adh\u00e9sion pour l\u2019ann\u00e9e civile 2018.<br \/>\nIl pr\u00e9sente \u00e9galement le Vademecum du DDEN, r\u00e9cemment publi\u00e9 par la F\u00e9d\u00e9ration qui peut apporter une aide pr\u00e9cieuse dans la mission. Son prix est de 2 euros (pour les adh\u00e9rents) ; il peut \u00eatre command\u00e9 aupr\u00e8s des pr\u00e9sidents de d\u00e9l\u00e9gation.<\/p>\n<p>Les DDEN sont particuli\u00e8rement invit\u00e9s \u00e0 pr\u00e9senter dans les conseils d\u2019\u00e9cole les op\u00e9rations \u00ab nature et environnement \u00bb et \u00ab patrimoine \u00bb, financ\u00e9es par l\u2019Union. Le Pr\u00e9sident \u00e9voque \u00e9galement la journ\u00e9e de la La\u00efcit\u00e9 du 9 d\u00e9cembre pour laquelle la c\u00e9r\u00e9monie officielle aura lieu cette ann\u00e9e \u00e0 B\u00e8gles.<\/p>\n<p>Les DDEN sont invit\u00e9s \u00e0 faire conna\u00eetre toutes les actions men\u00e9es sur le terrain dans ces divers domaines.<\/p>\n<p>Apr\u00e8s de nouveaux remerciements \u00e0 chacun pour sa pr\u00e9sence et son implication, la s\u00e9ance est lev\u00e9e \u00e0 17h.<\/p>\n","protected":false},"excerpt":{"rendered":"<p>Compte-Rendu de la r\u00e9union de rentr\u00e9e des DDEN &#8211; circonscription d\u2019Arcachon-Sud &#8211; 16 octobre 2018 Membres pr\u00e9sents : Mme Birou, IEN, Mr Nouveau, Pr\u00e9sident D\u00e9partemental DDEN et de l\u2019Union 33, Mmes et Mrs, Avon, Blond, Bonte, Coineau, Constans, Darmusi\u00e9, De Vivie, Fontaine, Jeannot, Lafon, Sapin, Vavasseur, DDEN. \u00c9taient excus\u00e9s : Mmes et Mrs Canselier, Guiliani, &hellip; <a href=\"https:\/\/dden33.org\/arcachon-sud\/2018\/09\/26\/reunion-de-la-circonscription-darcachon-sud\/\" class=\"more-link\">Continuer la lecture de <span class=\"screen-reader-text\">R\u00e9union de la circonscription d&rsquo;Arcachon-Sud<\/span> <span class=\"meta-nav\">&rarr;<\/span><\/a><\/p>\n","protected":false},"author":2,"featured_media":0,"comment_status":"closed","ping_status":"closed","sticky":false,"template":"","format":"standard","meta":{"_bbp_topic_count":0,"_bbp_reply_count":0,"_bbp_total_topic_count":0,"_bbp_total_reply_count":0,"_bbp_voice_count":0,"_bbp_anonymous_reply_count":0,"_bbp_topic_count_hidden":0,"_bbp_reply_count_hidden":0,"_bbp_forum_subforum_count":0,"_jetpack_memberships_contains_paid_content":false,"footnotes":""},"categories":[6],"tags":[],"class_list":["post-311","post","type-post","status-publish","format-standard","hentry","category-archive"],"jetpack_featured_media_url":"","jetpack_sharing_enabled":true,"_links":{"self":[{"href":"https:\/\/dden33.org\/arcachon-sud\/wp-json\/wp\/v2\/posts\/311","targetHints":{"allow":["GET"]}}],"collection":[{"href":"https:\/\/dden33.org\/arcachon-sud\/wp-json\/wp\/v2\/posts"}],"about":[{"href":"https:\/\/dden33.org\/arcachon-sud\/wp-json\/wp\/v2\/types\/post"}],"author":[{"embeddable":true,"href":"https:\/\/dden33.org\/arcachon-sud\/wp-json\/wp\/v2\/users\/2"}],"replies":[{"embeddable":true,"href":"https:\/\/dden33.org\/arcachon-sud\/wp-json\/wp\/v2\/comments?post=311"}],"version-history":[{"count":2,"href":"https:\/\/dden33.org\/arcachon-sud\/wp-json\/wp\/v2\/posts\/311\/revisions"}],"predecessor-version":[{"id":316,"href":"https:\/\/dden33.org\/arcachon-sud\/wp-json\/wp\/v2\/posts\/311\/revisions\/316"}],"wp:attachment":[{"href":"https:\/\/dden33.org\/arcachon-sud\/wp-json\/wp\/v2\/media?parent=311"}],"wp:term":[{"taxonomy":"category","embeddable":true,"href":"https:\/\/dden33.org\/arcachon-sud\/wp-json\/wp\/v2\/categories?post=311"},{"taxonomy":"post_tag","embeddable":true,"href":"https:\/\/dden33.org\/arcachon-sud\/wp-json\/wp\/v2\/tags?post=311"}],"curies":[{"name":"wp","href":"https:\/\/api.w.org\/{rel}","templated":true}]}}