{"id":318,"date":"2019-03-10T11:40:22","date_gmt":"2019-03-10T10:40:22","guid":{"rendered":"https:\/\/dden33.org\/arcachon-sud\/?p=318"},"modified":"2023-01-23T13:36:29","modified_gmt":"2023-01-23T12:36:29","slug":"compte-rendu-de-la-reunion-de-la-delegation-dden-arcachon-sud-du-9-mars-2019","status":"publish","type":"post","link":"https:\/\/dden33.org\/arcachon-sud\/2019\/03\/10\/compte-rendu-de-la-reunion-de-la-delegation-dden-arcachon-sud-du-9-mars-2019\/","title":{"rendered":"Compte-rendu de la r\u00e9union  de la d\u00e9l\u00e9gation DDEN Arcachon-Sud du  9 mars 2019."},"content":{"rendered":"\n<p>Compte-rendu de la r\u00e9union  de la d\u00e9l\u00e9gation DDEN Arcachon-Sud du  9 mars 2019. <\/p>\n\n\n\n<p>Agn\u00e8s JEANNOT, pr\u00e9sidente de la d\u00e9l\u00e9gation, accueille les participants et les remercie de leur pr\u00e9sence.  Elle excuse Monsieur Jacky NOUVEAU, pr\u00e9sident d\u00e9partemental et pr\u00e9sident de l\u2019Union 33 et les DDEN absents qui lui ont tous adress\u00e9 un courrier expliquant leurs emp\u00eachements respectifs et qui, pour la plupart, lui ont d\u00e9j\u00e0 envoy\u00e9 leurs rapports de visite d\u2019\u00e9cole.  <br> A .JEANNOT recommande aux DDEN de promouvoir dans les conseils d\u2019\u00e9cole les op\u00e9rations \u00ab Nature et Environnement \u00bb et \u00ab Patrimoine \u00bb.  Ils font part  de leur difficult\u00e9 \u00e0 mobiliser les enseignants et de l\u2019abandon <br> progressif des activit\u00e9s de jardinage. <br> Elle rappelle la date de la prochaine assembl\u00e9e g\u00e9n\u00e9rale et annonce la parution imminente du Flash sp\u00e9cial ; il semble que le lieu tr\u00e8s \u00e9loign\u00e9 et la crainte toujours pr\u00e9sente des blocages des routes  par \u00ab les gilets jaunes \u00bb sera un frein \u00e0 la participation.  <br> Un questionnaire adress\u00e9 \u00e0 tous les DDEN sera joint au Flash  afin de faire un \u00e9tat des lieux des besoins et des souhaits de chacun. <br> Elle  \u00e9voque ensuite la r\u00e9union r\u00e9cente \u00e0 laquelle elle a assist\u00e9 \u00e0 la  sous-pr\u00e9fecture en pr\u00e9sence du DASEN dans le cadre de la pr\u00e9paration de la prochaine rentr\u00e9e scolaire et quelques projets en cours concernant les nouvelles r\u00e8gles du  mouvement du personnel enseignant, les changements pr\u00e9vus  au niveau de la direction d\u2019\u00e9cole (dans le cadre des regroupements autour des coll\u00e8ges) et la liaison CM2\/ Coll\u00e8ge (dans le cadre du cycle3).  <\/p>\n\n\n\n<p>Divers sujets font d\u00e9bat :   <\/p>\n\n\n\n<ul class=\"wp-block-list\"><li>l\u2019absence de moyens de fonctionnement pour les DDEN (contradictoire avec les propos positifs du ministre au <br>\nsujet du r\u00f4le important des DDEN dans une r\u00e9cente publication), <\/li><li>la quasi inexistence de la m\u00e9decine scolaire, <\/li><li>les probl\u00e8mes de circulation et stationnement autour des \u00e9coles, <\/li><li>les mesures prises dans le cadre des PPMS, <\/li><li>le recrutement tardif et la formation des AVS, <\/li><li>la baisse des moyens des \u00e9coles en cas de suppression des kermesses, <\/li><li>le d\u00e9roulement des conseils d\u2019\u00e9cole avec l\u2019ordre du jour appliqu\u00e9 trop restrictivement. <\/li><\/ul>\n\n\n\n<p>Chaque DDEN pr\u00e9sent est ensuite appel\u00e9 \u00e0 \u00e9voquer plus pr\u00e9cis\u00e9ment la situation particuli\u00e8re de son (ses) \u00e9cole(s) lors <br>\nd\u2019un tour de table.  <\/p>\n\n\n\n<p>Les rapports de visite remplis par chacun sont collect\u00e9s. <\/p>\n\n\n\n<p>La r\u00e9union du troisi\u00e8me trimestre aura lieu fin mai \/d\u00e9but juin sur le secteur du Val de l\u2019Eyre. <\/p>\n\n\n\n<p>La s\u00e9ance est lev\u00e9e \u00e0 12h15. Un repas convivial a ensuite r\u00e9uni ceux qui pouvaient rester ainsi que quelques fid\u00e8les <br>\n\u00ab anciens \u00bb que l\u2019on a toujours plaisir \u00e0 retrouver. <\/p>\n","protected":false},"excerpt":{"rendered":"<p>Compte-rendu de la r\u00e9union de la d\u00e9l\u00e9gation DDEN Arcachon-Sud du 9 mars 2019. Agn\u00e8s JEANNOT, pr\u00e9sidente de la d\u00e9l\u00e9gation, accueille les participants et les remercie de leur pr\u00e9sence. Elle excuse Monsieur Jacky NOUVEAU, pr\u00e9sident d\u00e9partemental et pr\u00e9sident de l\u2019Union 33 et les DDEN absents qui lui ont tous adress\u00e9 un courrier expliquant leurs emp\u00eachements respectifs &hellip; <a href=\"https:\/\/dden33.org\/arcachon-sud\/2019\/03\/10\/compte-rendu-de-la-reunion-de-la-delegation-dden-arcachon-sud-du-9-mars-2019\/\" class=\"more-link\">Continuer la lecture de <span class=\"screen-reader-text\">Compte-rendu de la r\u00e9union  de la d\u00e9l\u00e9gation DDEN Arcachon-Sud du  9 mars 2019.<\/span> <span class=\"meta-nav\">&rarr;<\/span><\/a><\/p>\n","protected":false},"author":2,"featured_media":0,"comment_status":"closed","ping_status":"closed","sticky":false,"template":"","format":"standard","meta":{"_bbp_topic_count":0,"_bbp_reply_count":0,"_bbp_total_topic_count":0,"_bbp_total_reply_count":0,"_bbp_voice_count":0,"_bbp_anonymous_reply_count":0,"_bbp_topic_count_hidden":0,"_bbp_reply_count_hidden":0,"_bbp_forum_subforum_count":0,"_jetpack_memberships_contains_paid_content":false,"footnotes":""},"categories":[6],"tags":[],"class_list":["post-318","post","type-post","status-publish","format-standard","hentry","category-archive"],"jetpack_featured_media_url":"","jetpack_sharing_enabled":true,"_links":{"self":[{"href":"https:\/\/dden33.org\/arcachon-sud\/wp-json\/wp\/v2\/posts\/318","targetHints":{"allow":["GET"]}}],"collection":[{"href":"https:\/\/dden33.org\/arcachon-sud\/wp-json\/wp\/v2\/posts"}],"about":[{"href":"https:\/\/dden33.org\/arcachon-sud\/wp-json\/wp\/v2\/types\/post"}],"author":[{"embeddable":true,"href":"https:\/\/dden33.org\/arcachon-sud\/wp-json\/wp\/v2\/users\/2"}],"replies":[{"embeddable":true,"href":"https:\/\/dden33.org\/arcachon-sud\/wp-json\/wp\/v2\/comments?post=318"}],"version-history":[{"count":1,"href":"https:\/\/dden33.org\/arcachon-sud\/wp-json\/wp\/v2\/posts\/318\/revisions"}],"predecessor-version":[{"id":319,"href":"https:\/\/dden33.org\/arcachon-sud\/wp-json\/wp\/v2\/posts\/318\/revisions\/319"}],"wp:attachment":[{"href":"https:\/\/dden33.org\/arcachon-sud\/wp-json\/wp\/v2\/media?parent=318"}],"wp:term":[{"taxonomy":"category","embeddable":true,"href":"https:\/\/dden33.org\/arcachon-sud\/wp-json\/wp\/v2\/categories?post=318"},{"taxonomy":"post_tag","embeddable":true,"href":"https:\/\/dden33.org\/arcachon-sud\/wp-json\/wp\/v2\/tags?post=318"}],"curies":[{"name":"wp","href":"https:\/\/api.w.org\/{rel}","templated":true}]}}