{"id":321,"date":"2019-06-28T13:21:53","date_gmt":"2019-06-28T11:21:53","guid":{"rendered":"https:\/\/dden33.org\/arcachon-sud\/?p=321"},"modified":"2023-01-23T13:34:38","modified_gmt":"2023-01-23T12:34:38","slug":"compte-rendu-de-la-reunion-de-la-delegation-dden-arcachon-sud-du-26-juin-2019","status":"publish","type":"post","link":"https:\/\/dden33.org\/arcachon-sud\/2019\/06\/28\/compte-rendu-de-la-reunion-de-la-delegation-dden-arcachon-sud-du-26-juin-2019\/","title":{"rendered":"Compte-rendu de la r\u00e9union de la d\u00e9l\u00e9gation DDEN Arcachon-Sud du 26 juin 2019."},"content":{"rendered":"\n<p>Compte-rendu de la r\u00e9union de la d\u00e9l\u00e9gation DDEN Arcachon-Sud du 26 juin 2019 \u00e0 Salles.<br \/>Agn\u00e8s JEANNOT, pr\u00e9sidente de la d\u00e9l\u00e9gation, accueille les participants et remercie de leur pr\u00e9sence Mmes<br \/>BONTE, CANSELIER, COINEAU, DARMUSI\u00c9, DE VIVIE, FONTAINE, GIULIANI, LAFON, PICQ, SAPIN, VAVASSEUR ainsi que Mr VAGNER.<br \/>Elle excuse les DDEN absents qui lui ont adress\u00e9 un courrier expliquant leurs emp\u00eachements (Mmes AVON, LARRUE, MORA, SENTUC et WIART, ainsi que Mrs BLOND, CONSTANS et PEYRUTIE) ainsi que l\u2019IEN, Mme BIROU et le pr\u00e9sident d\u00e9partemental, Mr NOUVEAU.<br \/>Mme JEANNOT pr\u00e9sente les actualit\u00e9s d\u00e9partementales de l\u2019UNION 33 en \u00e9voquant l\u2019Assembl\u00e9e g\u00e9n\u00e9rale de<br \/>Saint Andr\u00e9 de Cubzac.<br \/>Elle fait un bref compte-rendu des c\u00e9r\u00e9monies de remises des prix aux laur\u00e9ats des op\u00e9rations \u00ab Patrimoine \u00bb et \u00ab Nature et environnement \u00bb qui viennent de se d\u00e9rouler et invite les DDEN \u00e0 promouvoir ces op\u00e9rations dans leurs \u00e9coles.<br \/>Elle propose une lecture comment\u00e9e des r\u00e9ponses au questionnaire d\u00e9partemental qui sera prochainement publi\u00e9.<br \/>Cela donne lieu \u00e0 des \u00e9changes sur la fiche de visite, les r\u00e9unions et la formation ainsi que sur le recrutement de nouveaux DDEN qui reste d\u2019actualit\u00e9 puisque, dans la d\u00e9l\u00e9gation, un groupe scolaire n\u2019est pas pourvu (Le Teich Delta).<br \/>Elle repr\u00e9cise la situation des DDEN dans le cadre des futures \u00e9lections municipales et leur obligation de retrait durant la campagne et \u00e9ventuellement leur changement d\u2019affectation en cas d\u2019\u00e9lection.<br \/>Elle \u00e9voque \u00e9galement les th\u00e8mes retenus pour la R\u00e9solution du Congr\u00e8s National de la F\u00e9d\u00e9ration DDEN qui vient de se tenir \u00e0 Rennes.<br \/>Chaque DDEN est ensuite appel\u00e9 \u00e0 \u00e9voquer plus pr\u00e9cis\u00e9ment la situation particuli\u00e8re de son (ses) \u00e9cole(s) lors d\u2019un tour de table :<br \/>Concernant la carte scolaire, la situation des \u00e9coles de Belin-Beliet est plus particuli\u00e8rement \u00e9voqu\u00e9e avec la transformation des 4 \u00e9coles maternelles et \u00e9l\u00e9mentaires en 2 \u00e9coles primaires. Si cette nouvelle r\u00e9partition peut sembler judicieuse, il est toutefois soulign\u00e9 l\u2019\u00e9cart important entre les moyennes d\u2019\u00e9l\u00e8ves par classe de ces 2 \u00e9coles de la m\u00eame commune ( 27 et 25,3) . Les 2 DDEN actuellement en poste sur ces 4 \u00e9coles proposent d\u2019\u00eatre affect\u00e9e chacune sur une des futures \u00e9coles primaires ainsi : Mme Fontaine pour Alienor et Mme Coineau pour Bertrine.<br \/>Divers sujets \u00e0 propos de situations v\u00e9cues sont ensuite \u00e9voqu\u00e9s :<br \/>*L\u2019oubli d\u2019envoi par les directeurs d\u2019\u00e9cole de convocation ou de compte rendu du conseil d\u2019\u00e9cole au DDEN.<br \/>* Des convocations sans ordre du jour ou trop tardives (la veille).<br \/>* Le peu de sollicitation des DDEN dans le cadre des \u00e9lections des repr\u00e9sentants des parents d\u2019\u00e9l\u00e8ves ou des r\u00e9unions avec les collectivit\u00e9s locales.<br \/>*les futurs chantiers de reconstruction d\u2019\u00e9coles (Salles maternelle rive droite, La Teste Miquelots, Arcachon Paul Bert).<br \/>* les analyses de la qualit\u00e9 de l\u2019air dans l\u2019\u00e9cole de Saint Magne.<br \/>* les ouvertures d\u2019\u00e9coles hors contrat (Montessori ou Internationale \u00e0 La Teste).<br \/>* la scolarisation obligatoire \u00e0 3 ans.<br \/>* le d\u00e9faut de m\u00e9decine scolaire.<br \/>La s\u00e9ance est lev\u00e9e \u00e0 12h15. Un repas convivial auquel se sont joints quelques fid\u00e8les \u00ab anciens \u00bb que l\u2019on a toujours plaisir \u00e0 retrouver a agr\u00e9ablement cl\u00f4tur\u00e9 cette matin\u00e9e de travail.<\/p>\n","protected":false},"excerpt":{"rendered":"<p>Compte-rendu de la r\u00e9union de la d\u00e9l\u00e9gation DDEN Arcachon-Sud du 26 juin 2019 \u00e0 Salles.Agn\u00e8s JEANNOT, pr\u00e9sidente de la d\u00e9l\u00e9gation, accueille les participants et remercie de leur pr\u00e9sence MmesBONTE, CANSELIER, COINEAU, DARMUSI\u00c9, DE VIVIE, FONTAINE, GIULIANI, LAFON, PICQ, SAPIN, VAVASSEUR ainsi que Mr VAGNER.Elle excuse les DDEN absents qui lui ont adress\u00e9 un courrier expliquant &hellip; <a href=\"https:\/\/dden33.org\/arcachon-sud\/2019\/06\/28\/compte-rendu-de-la-reunion-de-la-delegation-dden-arcachon-sud-du-26-juin-2019\/\" class=\"more-link\">Continuer la lecture de <span class=\"screen-reader-text\">Compte-rendu de la r\u00e9union de la d\u00e9l\u00e9gation DDEN Arcachon-Sud du 26 juin 2019.<\/span> <span class=\"meta-nav\">&rarr;<\/span><\/a><\/p>\n","protected":false},"author":2,"featured_media":0,"comment_status":"closed","ping_status":"closed","sticky":false,"template":"","format":"standard","meta":{"_bbp_topic_count":0,"_bbp_reply_count":0,"_bbp_total_topic_count":0,"_bbp_total_reply_count":0,"_bbp_voice_count":0,"_bbp_anonymous_reply_count":0,"_bbp_topic_count_hidden":0,"_bbp_reply_count_hidden":0,"_bbp_forum_subforum_count":0,"_jetpack_memberships_contains_paid_content":false,"footnotes":""},"categories":[6],"tags":[],"class_list":["post-321","post","type-post","status-publish","format-standard","hentry","category-archive"],"jetpack_featured_media_url":"","jetpack_sharing_enabled":true,"_links":{"self":[{"href":"https:\/\/dden33.org\/arcachon-sud\/wp-json\/wp\/v2\/posts\/321","targetHints":{"allow":["GET"]}}],"collection":[{"href":"https:\/\/dden33.org\/arcachon-sud\/wp-json\/wp\/v2\/posts"}],"about":[{"href":"https:\/\/dden33.org\/arcachon-sud\/wp-json\/wp\/v2\/types\/post"}],"author":[{"embeddable":true,"href":"https:\/\/dden33.org\/arcachon-sud\/wp-json\/wp\/v2\/users\/2"}],"replies":[{"embeddable":true,"href":"https:\/\/dden33.org\/arcachon-sud\/wp-json\/wp\/v2\/comments?post=321"}],"version-history":[{"count":1,"href":"https:\/\/dden33.org\/arcachon-sud\/wp-json\/wp\/v2\/posts\/321\/revisions"}],"predecessor-version":[{"id":322,"href":"https:\/\/dden33.org\/arcachon-sud\/wp-json\/wp\/v2\/posts\/321\/revisions\/322"}],"wp:attachment":[{"href":"https:\/\/dden33.org\/arcachon-sud\/wp-json\/wp\/v2\/media?parent=321"}],"wp:term":[{"taxonomy":"category","embeddable":true,"href":"https:\/\/dden33.org\/arcachon-sud\/wp-json\/wp\/v2\/categories?post=321"},{"taxonomy":"post_tag","embeddable":true,"href":"https:\/\/dden33.org\/arcachon-sud\/wp-json\/wp\/v2\/tags?post=321"}],"curies":[{"name":"wp","href":"https:\/\/api.w.org\/{rel}","templated":true}]}}