{"id":326,"date":"2019-10-31T10:05:43","date_gmt":"2019-10-31T09:05:43","guid":{"rendered":"https:\/\/dden33.org\/arcachon-sud\/?p=326"},"modified":"2023-01-23T13:33:58","modified_gmt":"2023-01-23T12:33:58","slug":"compte-rendu-de-la-reunion-du-1er-trimestre-2019-2020","status":"publish","type":"post","link":"https:\/\/dden33.org\/arcachon-sud\/2019\/10\/31\/compte-rendu-de-la-reunion-du-1er-trimestre-2019-2020\/","title":{"rendered":"Compte-rendu de la r\u00e9union du 1er trimestre 2019\/2020"},"content":{"rendered":"\n<p>\u00ab Agn\u00e8s Jeannot accueille et remercie les DDEN pr\u00e9sents et excuse ceux qui n\u2019ont pu venir (Mmes Bonte, Coineau, Larrue, Picq et Wiart, Mrs Constans et Vagner) retenus par des obligations familiales, professionnelles ou m\u00e9dicales.<\/p>\n<p><br>Elle remercie Mme Birou, IEN, de sa pr\u00e9sence, Mr Nouveau Pr\u00e9sident de la D\u00e9l\u00e9gation D\u00e9partementale et de l\u2019Union DDEN33 ainsi que Mr Cavaill\u00e9, directeur de l\u2019\u00e9cole qui accueille cette r\u00e9union.<\/p>\n<p><br>Mme Birou, IEN, fait le point sur la rentr\u00e9e qui s\u2019est bien pass\u00e9e. Elle annonce la nomination d\u2019une nouvelle rectrice et d\u2019un DASEN adjoint.<\/p>\n<p><br>Elle pr\u00e9sente son \u00e9quipe de circonscription en se f\u00e9licitant de la stabilit\u00e9 des personnels.<br>La circonscription accueille 6817 \u00e9l\u00e8ves ; la moyenne est de 25,2 \u00e9l\u00e8ves par classe.<br>Cette rentr\u00e9e a vu de nombreux changements dans les postes de direction souvent motiv\u00e9s par un souhait de poste \u00e0 d\u00e9charge compl\u00e8te. La structure des \u00e9coles de Belin-Beliet a \u00e9t\u00e9 modifi\u00e9e pour aboutir \u00e0 2 \u00e9coles primaires ce qui offre un meilleur \u00e9quilibre.<br>Mme Birou \u00e9voque les r\u00e9sultats des \u00e9valuations avec des \u00e9carts importants sur Arcachon, les projets de r\u00e9seaux avec les coll\u00e8ges et la formation des enseignants (9h en maths et 9 h en fran\u00e7ais + des formations au choix : analyse des \u00e9valuations, lecture des manuels scolaires)<\/p>\n<p><br>Elle constate avec satisfaction l\u2019excellente liaison entre les divers partenaires sur le secteur, avec notamment la mise en place du PIAL (p\u00f4le d\u2019inclusion localis\u00e9) qui permet un pilotage interdegr\u00e9.<br>Elle rappelle que l\u2019\u00e9cole est \u00ab le dernier rempart de la soci\u00e9t\u00e9 \u00bb face aux changements constat\u00e9s \u00e0 tous les niveaux : enfants, parents, enseignants, institution. Le secteur n\u2019est pas \u00e9pargn\u00e9 avec une pouss\u00e9e d\u00e9mographique et un changement de population.<br>Elle remercie les DDEN de leur travail et de leur pr\u00e9sence aupr\u00e8s des \u00e9coles.<br>Des \u00e9changes ont ensuite lieu suite aux questions des DDEN. Sont ainsi successivement \u00e9voqu\u00e9s :<\/p>\n<ul>\n<li><span style=\"display: inline !important; float: none; background-color: #ffffff; color: #141412; cursor: text; font-family: 'Source Sans Pro',Helvetica,sans-serif; font-size: 16px; font-style: normal; font-variant: normal; font-weight: 400; letter-spacing: normal; orphans: 2; text-align: left; text-decoration: none; text-indent: 0px; text-transform: none; -webkit-text-stroke-width: 0px; white-space: normal; word-spacing: 0px;\">La place du plaisir d\u2019apprendre,<\/span><\/li>\n<li><span style=\"display: inline !important; float: none; background-color: #ffffff; color: #141412; cursor: text; font-family: 'Source Sans Pro',Helvetica,sans-serif; font-size: 16px; font-style: normal; font-variant: normal; font-weight: 400; letter-spacing: normal; orphans: 2; text-align: left; text-decoration: none; text-indent: 0px; text-transform: none; -webkit-text-stroke-width: 0px; white-space: normal; word-spacing: 0px;\">Le port du voile par les mamans accompagnatrices des sorties scolaires,<\/span><\/li>\n<li><span style=\"display: inline !important; float: none; background-color: #ffffff; color: #141412; cursor: text; font-family: 'Source Sans Pro',Helvetica,sans-serif; font-size: 16px; font-style: normal; font-variant: normal; font-weight: 400; letter-spacing: normal; orphans: 2; text-align: left; text-decoration: none; text-indent: 0px; text-transform: none; -webkit-text-stroke-width: 0px; white-space: normal; word-spacing: 0px;\">Les devoirs du soir,<\/span><\/li>\n<li><span style=\"display: inline !important; float: none; background-color: #ffffff; color: #141412; cursor: text; font-family: 'Source Sans Pro',Helvetica,sans-serif; font-size: 16px; font-style: normal; font-variant: normal; font-weight: 400; letter-spacing: normal; orphans: 2; text-align: left; text-decoration: none; text-indent: 0px; text-transform: none; -webkit-text-stroke-width: 0px; white-space: normal; word-spacing: 0px;\">L\u2019interdiction de fumer devant les \u00e9coles,<\/span><\/li>\n<li><span style=\"display: inline !important; float: none; background-color: #ffffff; color: #141412; cursor: text; font-family: 'Source Sans Pro',Helvetica,sans-serif; font-size: 16px; font-style: normal; font-variant: normal; font-weight: 400; letter-spacing: normal; orphans: 2; text-align: left; text-decoration: none; text-indent: 0px; text-transform: none; -webkit-text-stroke-width: 0px; white-space: normal; word-spacing: 0px;\">Le possible assouplissement des modes d\u2019entr\u00e9es et sorties (tout en priorisant la s\u00e9curit\u00e9),<\/span><\/li>\n<li><span style=\"display: inline !important; float: none; background-color: #ffffff; color: #141412; cursor: text; font-family: 'Source Sans Pro',Helvetica,sans-serif; font-size: 16px; font-style: normal; font-variant: normal; font-weight: 400; letter-spacing: normal; orphans: 2; text-align: left; text-decoration: none; text-indent: 0px; text-transform: none; -webkit-text-stroke-width: 0px; white-space: normal; word-spacing: 0px;\">Les \u00e9coles hors contrat,<\/span><\/li>\n<li><span style=\"display: inline !important; float: none; background-color: #ffffff; color: #141412; cursor: text; font-family: 'Source Sans Pro',Helvetica,sans-serif; font-size: 16px; font-style: normal; font-variant: normal; font-weight: 400; letter-spacing: normal; orphans: 2; text-align: left; text-decoration: none; text-indent: 0px; text-transform: none; -webkit-text-stroke-width: 0px; white-space: normal; word-spacing: 0px;\">La scolarisation \u00e0 domicile,<\/span><\/li>\n<li><span style=\"display: inline !important; float: none; background-color: #ffffff; color: #141412; cursor: text; font-family: 'Source Sans Pro',Helvetica,sans-serif; font-size: 16px; font-style: normal; font-variant: normal; font-weight: 400; letter-spacing: normal; orphans: 2; text-align: left; text-decoration: none; text-indent: 0px; text-transform: none; -webkit-text-stroke-width: 0px; white-space: normal; word-spacing: 0px;\">L\u2019obligation scolaire \u00e0 3 ans.<\/span><\/li>\n<\/ul>\n<p><br>Mr Nouveau, Pr\u00e9sident de l\u2019UDDEN33, propose ensuite aux DDEN adh\u00e9rents divers documents utiles \u00e0 leur mission.<\/p>\n<p><br>La s\u00e9ance est lev\u00e9e \u00e0 12h15.<\/p>\n","protected":false},"excerpt":{"rendered":"<p>Les DDEN \u00e9taient convi\u00e9s \u00e0 la 1\u00b0r\u00e9union de l\u2019ann\u00e9e scolaire le mardi 15 octobre 2019 \u00e0 l\u2019\u00e9cole \u00e9l\u00e9mentaire Br\u00e9montier de La Teste de Buch\u2026\u2026<\/p>\n","protected":false},"author":6,"featured_media":44,"comment_status":"closed","ping_status":"closed","sticky":false,"template":"","format":"standard","meta":{"_bbp_topic_count":0,"_bbp_reply_count":0,"_bbp_total_topic_count":0,"_bbp_total_reply_count":0,"_bbp_voice_count":0,"_bbp_anonymous_reply_count":0,"_bbp_topic_count_hidden":0,"_bbp_reply_count_hidden":0,"_bbp_forum_subforum_count":0,"_jetpack_memberships_contains_paid_content":false,"footnotes":""},"categories":[6],"tags":[],"class_list":["post-326","post","type-post","status-publish","format-standard","has-post-thumbnail","hentry","category-archive"],"jetpack_featured_media_url":"https:\/\/dden33.org\/arcachon-sud\/wp-content\/uploads\/sites\/3\/2016\/06\/plage-arcachon.jpg","jetpack_sharing_enabled":true,"_links":{"self":[{"href":"https:\/\/dden33.org\/arcachon-sud\/wp-json\/wp\/v2\/posts\/326","targetHints":{"allow":["GET"]}}],"collection":[{"href":"https:\/\/dden33.org\/arcachon-sud\/wp-json\/wp\/v2\/posts"}],"about":[{"href":"https:\/\/dden33.org\/arcachon-sud\/wp-json\/wp\/v2\/types\/post"}],"author":[{"embeddable":true,"href":"https:\/\/dden33.org\/arcachon-sud\/wp-json\/wp\/v2\/users\/6"}],"replies":[{"embeddable":true,"href":"https:\/\/dden33.org\/arcachon-sud\/wp-json\/wp\/v2\/comments?post=326"}],"version-history":[{"count":2,"href":"https:\/\/dden33.org\/arcachon-sud\/wp-json\/wp\/v2\/posts\/326\/revisions"}],"predecessor-version":[{"id":349,"href":"https:\/\/dden33.org\/arcachon-sud\/wp-json\/wp\/v2\/posts\/326\/revisions\/349"}],"wp:featuredmedia":[{"embeddable":true,"href":"https:\/\/dden33.org\/arcachon-sud\/wp-json\/wp\/v2\/media\/44"}],"wp:attachment":[{"href":"https:\/\/dden33.org\/arcachon-sud\/wp-json\/wp\/v2\/media?parent=326"}],"wp:term":[{"taxonomy":"category","embeddable":true,"href":"https:\/\/dden33.org\/arcachon-sud\/wp-json\/wp\/v2\/categories?post=326"},{"taxonomy":"post_tag","embeddable":true,"href":"https:\/\/dden33.org\/arcachon-sud\/wp-json\/wp\/v2\/tags?post=326"}],"curies":[{"name":"wp","href":"https:\/\/api.w.org\/{rel}","templated":true}]}}