{"id":350,"date":"2023-01-23T13:39:55","date_gmt":"2023-01-23T12:39:55","guid":{"rendered":"https:\/\/dden33.org\/arcachon-sud\/?p=350"},"modified":"2023-01-23T13:39:56","modified_gmt":"2023-01-23T12:39:56","slug":"compte-rendu-de-la-reunion-de-delegation-dden-arcachon-sud-du-10-novembre-2022","status":"publish","type":"post","link":"https:\/\/dden33.org\/arcachon-sud\/2023\/01\/23\/compte-rendu-de-la-reunion-de-delegation-dden-arcachon-sud-du-10-novembre-2022\/","title":{"rendered":"Compte-rendu de la r\u00e9union de d\u00e9l\u00e9gation DDEN Arcachon-Sud du 10 novembre  2022"},"content":{"rendered":"\n<p>L\u2019absence de l\u2019IEN (excus\u00e9 par un appel t\u00e9l\u00e9phonique au tout d\u00e9but de la r\u00e9union) n\u2019a pas permis d\u2019avoir les informations sur la rentr\u00e9e, les nouvelles instructions et\u00a0 les projets pour la\u00a0 circonscription.<\/p>\n<p>La pr\u00e9sidente remercie les DDEN pr\u00e9sents ainsi que M.Nouveau, pr\u00e9sident d\u00e9partemental des DDEN et de l\u2019UDDEN 33.<\/p>\n<h3><strong><u>Divers sujets sont abord\u00e9s et d\u00e9battus<\/u><\/strong>\u00a0:<\/h3>\n<p>Dans le r\u00e8glement int\u00e9rieur, \u00eatre vigilant sur l\u2019interdiction des t\u00e9l\u00e9phones mobiles et montres connect\u00e9es.<\/p>\n<p>Probl\u00e8me de enseignants qui \u00ab\u00a0posent probl\u00e8me\u00a0\u00bb\u00a0: il n\u2019y a plus de porte de sortie vers des structures qui pouvaient proposer des postes de d\u00e9tach\u00e9s\u2026\u00a0\u00e9vocation de l\u2019absence\u00a0 de vocation\u2026et inexistence du suivi m\u00e9dical des enseignants durant leur carri\u00e8re.<\/p>\n<p>Participation de\u00a0 40 \u00e9coles au projet\u00a0 citoyennet\u00e9.<\/p>\n<p>Organisation future en entit\u00e9 \u00e9cole, coll\u00e8ge et\u00a0 lyc\u00e9e<\/p>\n<h3><strong><u>\u00a0Infos de l\u2019Union DDEN 33\u00a0: <\/u><\/strong><\/h3>\n<p>Un arbre de la La\u00efcit\u00e9 sera plant\u00e9 \u00e0 Cenon et un autre \u00e0 Saint Magne de Castillon le\u00a0 9\u00a0 d\u00e9cembre.<\/p>\n<p>La vice-pr\u00e9sidente annonce une soir\u00e9e sur le th\u00e8me de la La\u00efcit\u00e9 \u00e0 La Teste \u00e0 18h ce m\u00eame jour. Elle fera passer l\u2019info pur diffusion la plus large possible. De m\u00eame, elle sollicitera la correspondante\u00a0 locale de Sud-Ouest pour faire passer un article en faveur du recrutement de DDEN.<\/p>\n<p>Les op\u00e9rations Nature et Environnement ainsi que Patrimoine sont \u00e9voqu\u00e9es.<\/p>\n<p>L\u2019assembl\u00e9e g\u00e9n\u00e9rale aura lieu le\u00a0 25 mars 2023 \u00e0 Saint Magne de Castillon.<\/p>\n<p>Les documents n\u00e9cessaires \u00e0 la mission (notamment le nouveau formulaire de visite d\u2019\u00e9cole) sont distribu\u00e9s.<\/p>\n<h3><strong><u>Tour de table\u00a0:<\/u><\/strong><\/h3>\n<p>Chaque DDEN est ensuite invit\u00e9(e) \u00e0 faire part de ses remarques ou inqui\u00e9tudes concernant les \u00e9coles pour lesquelles il(elle) est mandat\u00e9(e).<\/p>\n<ul>\n<li>Effectifs tr\u00e8s fluctuants \u00e0 Cazaux.<\/li>\n<li>Construction en cours \u00e0 Gujan Pasteur\u00a0; pb de l\u2019organisation d\u2019une kermesse sans la participation des enseignants.<\/li>\n<li>Retard de construction \u00e0 La Teste groupe Miquelots (augmentation des co\u00fbts des mat\u00e9riaux obligeant \u00e0 refaire appels d\u2019offres)\u00a0; pb de connections dans les locaux provisoires et pb d\u2019organisation de kermesse.<\/li>\n<li>R\u00e9novation en cours \u00e0 Belin\u00a0; v\u00e9g\u00e9talisation de la cour\u00a0; pb des 3\u00a0 services enchain\u00e9s de restauration.<\/li>\n<li>Hausse des effectifs \u00e0 Saint Magne et poursuite de la r\u00e9novation des locaux.<\/li>\n<li>Fuites r\u00e9currentes dans les toilettes de La Teste Chambrelent maternelle.<\/li>\n<li>Pb de cohabitation entre cours de yoga, CLSH et \u00e9cole Maternelle Farandole Cazaux qui retrouve ses locaux en d\u00e9sordre. Pb de budget sur la commune de La Teste pour cause de changement de fournisseur\u00a0: bien qu\u2019en hausse, le budget allou\u00e9 ne permet plus autant d\u2019achats car le fournisseur choisi pratique des remises moins importantes que le pr\u00e9c\u00e9dent. Inqui\u00e9tudes sur le changement de DSP pour la restauration scolaire.<\/li>\n<li>Pb de protocole \u00e9vacuation incendie et absence de psychologue \u00e0 Cazaux Lafon.<\/li>\n<\/ul>\n<p>\u00a0<\/p>\n<p><strong>La r\u00e9union du 2\u00b0 trimestre sera pr\u00e9vue dans le secteur de Salles.<\/strong><\/p>\n","protected":false},"excerpt":{"rendered":"<p>L\u2019absence de l\u2019IEN (excus\u00e9 par un appel t\u00e9l\u00e9phonique au tout d\u00e9but de la r\u00e9union) n\u2019a pas permis d\u2019avoir les informations sur la rentr\u00e9e, les nouvelles instructions et\u00a0 les projets pour la\u00a0 circonscription. La pr\u00e9sidente remercie les DDEN pr\u00e9sents ainsi que M.Nouveau, pr\u00e9sident d\u00e9partemental des DDEN et de l\u2019UDDEN 33. Divers sujets sont abord\u00e9s et d\u00e9battus\u00a0: &hellip; <a href=\"https:\/\/dden33.org\/arcachon-sud\/2023\/01\/23\/compte-rendu-de-la-reunion-de-delegation-dden-arcachon-sud-du-10-novembre-2022\/\" class=\"more-link\">Continuer la lecture de <span class=\"screen-reader-text\">Compte-rendu de la r\u00e9union de d\u00e9l\u00e9gation DDEN Arcachon-Sud du 10 novembre  2022<\/span> <span class=\"meta-nav\">&rarr;<\/span><\/a><\/p>\n","protected":false},"author":2,"featured_media":0,"comment_status":"closed","ping_status":"closed","sticky":false,"template":"","format":"standard","meta":{"_bbp_topic_count":0,"_bbp_reply_count":0,"_bbp_total_topic_count":0,"_bbp_total_reply_count":0,"_bbp_voice_count":0,"_bbp_anonymous_reply_count":0,"_bbp_topic_count_hidden":0,"_bbp_reply_count_hidden":0,"_bbp_forum_subforum_count":0,"_jetpack_memberships_contains_paid_content":false,"footnotes":""},"categories":[3,5],"tags":[],"class_list":["post-350","post","type-post","status-publish","format-standard","hentry","category-article","category-delegation"],"jetpack_featured_media_url":"","jetpack_sharing_enabled":true,"_links":{"self":[{"href":"https:\/\/dden33.org\/arcachon-sud\/wp-json\/wp\/v2\/posts\/350","targetHints":{"allow":["GET"]}}],"collection":[{"href":"https:\/\/dden33.org\/arcachon-sud\/wp-json\/wp\/v2\/posts"}],"about":[{"href":"https:\/\/dden33.org\/arcachon-sud\/wp-json\/wp\/v2\/types\/post"}],"author":[{"embeddable":true,"href":"https:\/\/dden33.org\/arcachon-sud\/wp-json\/wp\/v2\/users\/2"}],"replies":[{"embeddable":true,"href":"https:\/\/dden33.org\/arcachon-sud\/wp-json\/wp\/v2\/comments?post=350"}],"version-history":[{"count":1,"href":"https:\/\/dden33.org\/arcachon-sud\/wp-json\/wp\/v2\/posts\/350\/revisions"}],"predecessor-version":[{"id":351,"href":"https:\/\/dden33.org\/arcachon-sud\/wp-json\/wp\/v2\/posts\/350\/revisions\/351"}],"wp:attachment":[{"href":"https:\/\/dden33.org\/arcachon-sud\/wp-json\/wp\/v2\/media?parent=350"}],"wp:term":[{"taxonomy":"category","embeddable":true,"href":"https:\/\/dden33.org\/arcachon-sud\/wp-json\/wp\/v2\/categories?post=350"},{"taxonomy":"post_tag","embeddable":true,"href":"https:\/\/dden33.org\/arcachon-sud\/wp-json\/wp\/v2\/tags?post=350"}],"curies":[{"name":"wp","href":"https:\/\/api.w.org\/{rel}","templated":true}]}}