{"id":355,"date":"2023-07-14T11:59:10","date_gmt":"2023-07-14T09:59:10","guid":{"rendered":"https:\/\/dden33.org\/arcachon-sud\/?p=355"},"modified":"2023-07-14T12:34:01","modified_gmt":"2023-07-14T10:34:01","slug":"cr-reunion-dden-3-trimestre-1-juin-2023","status":"publish","type":"post","link":"https:\/\/dden33.org\/arcachon-sud\/2023\/07\/14\/cr-reunion-dden-3-trimestre-1-juin-2023\/","title":{"rendered":"CR r\u00e9union DDEN 3\u00b0 trimestre 1\u00b0 juin 2023"},"content":{"rendered":"\n<p>Etaient pr\u00e9sents&nbsp;:<\/p>\n\n\n\n<p>M Chacon, IEN<\/p>\n\n\n\n<p>M Nouveau Pr\u00e9sident D\u00e9partemental et de l\u2019UNION DDEN33<\/p>\n\n\n\n<p>Mme Jeannot pr\u00e9sidente de la d\u00e9l\u00e9gation Arcachon \u2013 Sud<\/p>\n\n\n\n<p>Mmes Ablancourt, Arvor, Darmusi\u00e9, Fontaine, Mandeix, Sapin, Tresfels et M. Caignard, DDEN<\/p>\n\n\n\n<p>Etaient excus\u00e9s&nbsp;:<\/p>\n\n\n\n<p>Mmes Coineau, Larrue, Mora, Reynier, M.Vagner, DDEN.<\/p>\n\n\n\n<p>Mme Jeannot apr\u00e8s avoir accueilli et remerci\u00e9 les participants propose de faire un tour de table de pr\u00e9sentation. Elle rappelle que,&nbsp; gr\u00e2ce \u00e0 l\u2019article paru en d\u00e9cembre dans le journal Sud-Ouest,&nbsp; cinq nouveaux DDEN, pr\u00e9sents aujourd\u2019hui, ont pu \u00eatre recrut\u00e9s pour la d\u00e9l\u00e9gation et autant l\u2019ont \u00e9t\u00e9 pour la d\u00e9l\u00e9gation Arcachon-Nord.<\/p>\n\n\n\n<p>M. Chacon, IEN, \u00e9voque la situation de la circonscription qui repr\u00e9sente le tiers&nbsp; de la baisse d\u2019effectif du d\u00e9partement (250 sur 750)&nbsp; et a entrain\u00e9 des fermetures de classes -m\u00eame si quelques mesures de sauvegarde&nbsp; ont \u00e9t\u00e9 prises &#8211; afin d\u2019assurer la r\u00e9partition \u00e9quitable &nbsp;des moyens sur le territoire.<\/p>\n\n\n\n<p>Il r\u00e9pond aux sollicitations des DDEN sur les \u00e9valuations nationales&nbsp; des \u00e9l\u00e8ves avec un rapport attendu vis-\u00e0-vis de l\u2019IPS et sur les difficult\u00e9s du recrutement.<\/p>\n\n\n\n<p>Il rassure&nbsp; sur les \u00e9valuations d\u2019\u00e9cole qui ont commenc\u00e9 pour certaines communes et auxquelles les DDEN participent.<\/p>\n\n\n\n<p>Les sujets de financement des \u00e9coles priv\u00e9es, leurs effectifs, leur encadrement sont abord\u00e9s.<\/p>\n\n\n\n<p>Il confirme que les DDEN peuvent \u00eatre une force de proposition dans l\u2019\u00e9cole et les invite \u00e0 s\u2019engager dans les projets.<\/p>\n\n\n\n<p>Il reconna\u00eet leur engagement pour la La\u00efcit\u00e9 et souligne que des \u00e9coles du secteur ont men\u00e9 des activit\u00e9s sur ce sujet.<\/p>\n\n\n\n<p>M. Nouveau confirme la participation annuelle&nbsp; de&nbsp; l\u2019Union DDEN33 \u00e0&nbsp; la Journ\u00e9e de la La\u00efcit\u00e9 par la plantation officielle de deux arbres (qu\u2019elle offre) dans&nbsp; une commune rurale et une commune urbaine.<\/p>\n\n\n\n<p>Il rappelle, pour les nouveaux DDEN, les conditions de nomination et l\u2019int\u00e9r\u00eat d\u2019adh\u00e9rer \u00e0 l\u2019Union qui peut leur apporter aide et documentation dans l\u2019exercice de leur fonction.<\/p>\n\n\n\n<p>Il les sollicite pour faire conna\u00eetre les concours propos\u00e9s par l\u2019Union&nbsp; DDEN 33 qui peuvent&nbsp; mettre en valeur les activit\u00e9s des \u00e9coles et leur offrir des r\u00e9compenses.<br><br><\/p>\n\n\n\n<p>La r\u00e9union a \u00e9t\u00e9 suivie d\u2019une c\u00e9r\u00e9monie officielle \u00e0&nbsp; la mairie de Gujan Mestras afin d\u2019honorer des DDEN de la D\u00e9l\u00e9gation qui ont cess\u00e9 leur fonction apr\u00e8s avoir \u0153uvr\u00e9 activement durant plusieurs mandats&nbsp;: Mmes Canselier et Sentuc ont re\u00e7u un dipl\u00f4me d\u2019honneur.<br>Mme Mora toujours en fonction depuis&nbsp; 1967 a re\u00e7u la m\u00e9daille d\u2019honneur de la F\u00e9d\u00e9ration.<\/p>\n","protected":false},"excerpt":{"rendered":"<p>Etaient pr\u00e9sents&nbsp;: M Chacon, IEN M Nouveau Pr\u00e9sident D\u00e9partemental et de l\u2019UNION DDEN33 Mme Jeannot pr\u00e9sidente de la d\u00e9l\u00e9gation Arcachon \u2013 Sud Mmes Ablancourt, Arvor, Darmusi\u00e9, Fontaine, Mandeix, Sapin, Tresfels et M. Caignard, DDEN Etaient excus\u00e9s&nbsp;: Mmes Coineau, Larrue, Mora, Reynier, M.Vagner, DDEN. Mme Jeannot apr\u00e8s avoir accueilli et remerci\u00e9 les participants propose de faire &hellip; <a href=\"https:\/\/dden33.org\/arcachon-sud\/2023\/07\/14\/cr-reunion-dden-3-trimestre-1-juin-2023\/\" class=\"more-link\">Continuer la lecture de <span class=\"screen-reader-text\">CR r\u00e9union DDEN 3\u00b0 trimestre 1\u00b0 juin 2023<\/span> <span class=\"meta-nav\">&rarr;<\/span><\/a><\/p>\n","protected":false},"author":2,"featured_media":0,"comment_status":"closed","ping_status":"closed","sticky":false,"template":"","format":"standard","meta":{"_bbp_topic_count":0,"_bbp_reply_count":0,"_bbp_total_topic_count":0,"_bbp_total_reply_count":0,"_bbp_voice_count":0,"_bbp_anonymous_reply_count":0,"_bbp_topic_count_hidden":0,"_bbp_reply_count_hidden":0,"_bbp_forum_subforum_count":0,"_jetpack_memberships_contains_paid_content":false,"footnotes":""},"categories":[3,5],"tags":[],"class_list":["post-355","post","type-post","status-publish","format-standard","hentry","category-article","category-delegation"],"jetpack_featured_media_url":"","jetpack_sharing_enabled":true,"_links":{"self":[{"href":"https:\/\/dden33.org\/arcachon-sud\/wp-json\/wp\/v2\/posts\/355","targetHints":{"allow":["GET"]}}],"collection":[{"href":"https:\/\/dden33.org\/arcachon-sud\/wp-json\/wp\/v2\/posts"}],"about":[{"href":"https:\/\/dden33.org\/arcachon-sud\/wp-json\/wp\/v2\/types\/post"}],"author":[{"embeddable":true,"href":"https:\/\/dden33.org\/arcachon-sud\/wp-json\/wp\/v2\/users\/2"}],"replies":[{"embeddable":true,"href":"https:\/\/dden33.org\/arcachon-sud\/wp-json\/wp\/v2\/comments?post=355"}],"version-history":[{"count":1,"href":"https:\/\/dden33.org\/arcachon-sud\/wp-json\/wp\/v2\/posts\/355\/revisions"}],"predecessor-version":[{"id":356,"href":"https:\/\/dden33.org\/arcachon-sud\/wp-json\/wp\/v2\/posts\/355\/revisions\/356"}],"wp:attachment":[{"href":"https:\/\/dden33.org\/arcachon-sud\/wp-json\/wp\/v2\/media?parent=355"}],"wp:term":[{"taxonomy":"category","embeddable":true,"href":"https:\/\/dden33.org\/arcachon-sud\/wp-json\/wp\/v2\/categories?post=355"},{"taxonomy":"post_tag","embeddable":true,"href":"https:\/\/dden33.org\/arcachon-sud\/wp-json\/wp\/v2\/tags?post=355"}],"curies":[{"name":"wp","href":"https:\/\/api.w.org\/{rel}","templated":true}]}}