{"id":397,"date":"2024-06-14T15:07:38","date_gmt":"2024-06-14T13:07:38","guid":{"rendered":"https:\/\/dden33.org\/arcachon-sud\/?p=397"},"modified":"2024-06-14T15:07:38","modified_gmt":"2024-06-14T13:07:38","slug":"28-mai-2024-operation-nature-et-environnement-a-lecole-jean-de-la-fontaine","status":"publish","type":"post","link":"https:\/\/dden33.org\/arcachon-sud\/2024\/06\/14\/28-mai-2024-operation-nature-et-environnement-a-lecole-jean-de-la-fontaine\/","title":{"rendered":"28 mai 2024, Op\u00e9ration Nature et Environnement, \u00e0 l&rsquo;\u00e9cole Jean de la Fontaine"},"content":{"rendered":"\n<p><img loading=\"lazy\" decoding=\"async\" class=\"alignnone  wp-image-395\" src=\"https:\/\/dden33.org\/arcachon-sud\/wp-content\/uploads\/sites\/3\/2024\/06\/Screenshot-2024-06-14-14.42.33-300x138.png\" alt=\"\" width=\"504\" height=\"232\" srcset=\"https:\/\/dden33.org\/arcachon-sud\/wp-content\/uploads\/sites\/3\/2024\/06\/Screenshot-2024-06-14-14.42.33-300x138.png 300w, https:\/\/dden33.org\/arcachon-sud\/wp-content\/uploads\/sites\/3\/2024\/06\/Screenshot-2024-06-14-14.42.33-600x275.png 600w, https:\/\/dden33.org\/arcachon-sud\/wp-content\/uploads\/sites\/3\/2024\/06\/Screenshot-2024-06-14-14.42.33.png 606w\" sizes=\"auto, (max-width: 504px) 100vw, 504px\" \/><\/p>\n<p>Le 28 Mai 2024, \u00e0 Gujan-Mestras, a eu lieu la visite de la classe de Mme Karine S\u00e9n\u00e9chal \u00e0 l&rsquo;\u00e9cole \u00e9l\u00e9mentaire Jean de la Fontaine, dans le cadre de l&rsquo;op\u00e9ration NATURE ET ENVIRONNEMENT de l&rsquo;UDDEN 33. Les 26 \u00e9l\u00e8ves ont pr\u00e9sent\u00e9 oralement et \u00e0 travers divers documents et diverses r\u00e9alisations leur parcours pour ce projet. (compte-rendu de visite fait par Agn\u00e8s Jeannot DDEN)<\/p>\n<p>Pour en savoir plus cliquer sur l&rsquo;oiseau : <a href=\"https:\/\/dden33.org\/arcachon-sud\/wp-content\/uploads\/sites\/3\/2024\/06\/dden-arcachon-sud-Visite-La-Fontaine.pdf\"><img loading=\"lazy\" decoding=\"async\" class=\"alignnone  wp-image-394\" src=\"https:\/\/dden33.org\/arcachon-sud\/wp-content\/uploads\/sites\/3\/2024\/06\/Screenshot-2024-06-14-14.53.58-297x300.png\" alt=\"\" width=\"107\" height=\"108\" srcset=\"https:\/\/dden33.org\/arcachon-sud\/wp-content\/uploads\/sites\/3\/2024\/06\/Screenshot-2024-06-14-14.53.58-297x300.png 297w, https:\/\/dden33.org\/arcachon-sud\/wp-content\/uploads\/sites\/3\/2024\/06\/Screenshot-2024-06-14-14.53.58-150x150.png 150w, https:\/\/dden33.org\/arcachon-sud\/wp-content\/uploads\/sites\/3\/2024\/06\/Screenshot-2024-06-14-14.53.58.png 386w\" sizes=\"auto, (max-width: 107px) 100vw, 107px\" \/><\/a><\/p>\n<p>\u00a0<\/p>\n\n\n","protected":false},"excerpt":{"rendered":"<p>Le 28 Mai 2024, \u00e0 Gujan-Mestras, a eu lieu la visite de la classe de Mme Karine S\u00e9n\u00e9chal \u00e0 l&rsquo;\u00e9cole \u00e9l\u00e9mentaire Jean de la Fontaine, dans le cadre de l&rsquo;op\u00e9ration NATURE ET ENVIRONNEMENT de l&rsquo;UDDEN 33. Les 26 \u00e9l\u00e8ves ont pr\u00e9sent\u00e9 oralement et \u00e0 travers divers documents et diverses r\u00e9alisations leur parcours pour ce projet. &hellip; <a href=\"https:\/\/dden33.org\/arcachon-sud\/2024\/06\/14\/28-mai-2024-operation-nature-et-environnement-a-lecole-jean-de-la-fontaine\/\" class=\"more-link\">Continuer la lecture de <span class=\"screen-reader-text\">28 mai 2024, Op\u00e9ration Nature et Environnement, \u00e0 l&rsquo;\u00e9cole Jean de la Fontaine<\/span> <span class=\"meta-nav\">&rarr;<\/span><\/a><\/p>\n","protected":false},"author":18,"featured_media":0,"comment_status":"closed","ping_status":"closed","sticky":false,"template":"","format":"standard","meta":{"_bbp_topic_count":0,"_bbp_reply_count":0,"_bbp_total_topic_count":0,"_bbp_total_reply_count":0,"_bbp_voice_count":0,"_bbp_anonymous_reply_count":0,"_bbp_topic_count_hidden":0,"_bbp_reply_count_hidden":0,"_bbp_forum_subforum_count":0,"_jetpack_memberships_contains_paid_content":false,"footnotes":""},"categories":[3],"tags":[],"class_list":["post-397","post","type-post","status-publish","format-standard","hentry","category-article"],"jetpack_featured_media_url":"","jetpack_sharing_enabled":true,"_links":{"self":[{"href":"https:\/\/dden33.org\/arcachon-sud\/wp-json\/wp\/v2\/posts\/397","targetHints":{"allow":["GET"]}}],"collection":[{"href":"https:\/\/dden33.org\/arcachon-sud\/wp-json\/wp\/v2\/posts"}],"about":[{"href":"https:\/\/dden33.org\/arcachon-sud\/wp-json\/wp\/v2\/types\/post"}],"author":[{"embeddable":true,"href":"https:\/\/dden33.org\/arcachon-sud\/wp-json\/wp\/v2\/users\/18"}],"replies":[{"embeddable":true,"href":"https:\/\/dden33.org\/arcachon-sud\/wp-json\/wp\/v2\/comments?post=397"}],"version-history":[{"count":2,"href":"https:\/\/dden33.org\/arcachon-sud\/wp-json\/wp\/v2\/posts\/397\/revisions"}],"predecessor-version":[{"id":399,"href":"https:\/\/dden33.org\/arcachon-sud\/wp-json\/wp\/v2\/posts\/397\/revisions\/399"}],"wp:attachment":[{"href":"https:\/\/dden33.org\/arcachon-sud\/wp-json\/wp\/v2\/media?parent=397"}],"wp:term":[{"taxonomy":"category","embeddable":true,"href":"https:\/\/dden33.org\/arcachon-sud\/wp-json\/wp\/v2\/categories?post=397"},{"taxonomy":"post_tag","embeddable":true,"href":"https:\/\/dden33.org\/arcachon-sud\/wp-json\/wp\/v2\/tags?post=397"}],"curies":[{"name":"wp","href":"https:\/\/api.w.org\/{rel}","templated":true}]}}