{"id":407,"date":"2024-10-01T18:56:54","date_gmt":"2024-10-01T16:56:54","guid":{"rendered":"https:\/\/dden33.org\/arcachon-sud\/?p=407"},"modified":"2024-10-01T18:56:54","modified_gmt":"2024-10-01T16:56:54","slug":"compte-rendu-de-la-reunion-de-delegation-du-30-septembre-2024","status":"publish","type":"post","link":"https:\/\/dden33.org\/arcachon-sud\/2024\/10\/01\/compte-rendu-de-la-reunion-de-delegation-du-30-septembre-2024\/","title":{"rendered":"Compte-rendu de la r\u00e9union de d\u00e9l\u00e9gation du 30 septembre 2024"},"content":{"rendered":"\n<p>Compte rendu de la r\u00e9union de d\u00e9l\u00e9gation DDEN Arcachon Sud du 30 septembre 2024<br \/>Etaient pr\u00e9sents : <br \/>Mme Lief, IEN.<br \/>M Nouveau, Pr\u00e9sident D\u00e9partemental et de l\u2019UNION DDEN33.<br \/>Mme Jeannot pr\u00e9sidente de la d\u00e9l\u00e9gation Arcachon \u2013 Sud.<br \/>Mmes, Ablancourt, Arvor, Coineau, Mandeix, Tresfels, M.Caignard, M.Vagner, DDEN.<br \/>Etaient excus\u00e9s : Mmes Darmusi\u00e9, Fontaine, Larrue, et Sapin, DDEN.<br \/>Etaient absents : Mmes Mora, Reynier, DDEN.<br \/>&#8212;&#8212;&#8212;&#8212;&#8212;&#8212;&#8212;&#8212;&#8212;&#8212;&#8212;&#8212;&#8212;&#8212;&#8212;&#8212;&#8212;&#8212;&#8212;&#8212;&#8212;&#8212;&#8212;&#8212;&#8212;&#8212;&#8212;&#8212;&#8212;&#8212;&#8212;&#8212;&#8212;&#8212;&#8212;&#8212;&#8212;&#8212;&#8212;&#8212;&#8212;&#8212;-<br \/>Madame Jeannot accueille et remercie les participants et tout sp\u00e9cialement Mme LIEF, IEN. Cette derni\u00e8re, nouvellement nomm\u00e9e sur la circonscription se pr\u00e9sente, \u00e9tant agr\u00e9ablement surprise par le nombre de DDEN sur sa circonscription et propose <strong>un tour de table permettant \u00e0 chacun de se situer et d\u2019\u00e9voquer son exp\u00e9rience en faisant un bilan de rentr\u00e9e :<\/strong><br \/>&#8211; inqui\u00e9tude pour les effectifs \u00e0 l\u2019\u00e9cole primaire du Delta, le Teich<br \/>&#8211; probl\u00e8me du p\u00e9riscolaire \u00e0 Gambetta La Teste pouvant entra\u00eener une r\u00e9ticence des parents de l\u2019\u00e9cole maternelle \u00e0 inscrire leurs enfants dans l\u2019\u00e9cole de secteur et relation difficile \u00e0 \u00e9tablir avec les services municipaux qui m\u00e9connaissent les DDEN.<br \/>(Madame l\u2019IEN conseille de traiter les probl\u00e8mes en dehors des conseils d\u2019\u00e9cole qui doivent \u00eatre une \u00ab vitrine \u00bb des actions de l\u2019\u00e9cole)<br \/>&#8211; probl\u00e8me secteur scolaire sur Gujan Chante Cigale \/ La Fontaine avec perte de classes en 2 ans. Il est conseill\u00e9, puisque la comp\u00e9tence est municipale, de nouer des contacts et de faire valoriser les projets des \u00e9coles afin d\u2019am\u00e9liorer la lisibilit\u00e9 aupr\u00e8s des parents.<br \/>&#8211; le peu de connaissance de la fonction de DDEN est d\u00e9plor\u00e9 (Madame Jeannot incite \u00e0 se faire conna\u00eetre en multipliant les contacts).<br \/>&#8211; Monsieur Vagner signale une situation correcte de l\u2019\u00e9cole de St Magne mais des relations difficiles avec le Maire.<br \/>&#8211; la perte de 2 classes \u00e0 Jules Ferry Gujan qui a entra\u00een\u00e9 la perte de la d\u00e9charge totale de direction.<\/p>\n<p><br \/><strong>Madame l\u2019IEN pr\u00e9sente ensuite la circonscription :<\/strong><br \/>&#8211; 33 \u00e9coles publiques et 3 \u00e9coles priv\u00e9es avec un IPS de 110,8 l\u00e9g\u00e8rement sup\u00e9rieur \u00e0 la moyenne d\u00e9partementale (108,8), 240 classes, 5 ULIS (dont une en \u00e9cole priv\u00e9e) et 2 classes d\u00e9di\u00e9es Autisme (EUMA et UEEA) sur les \u00e9coles de la commune d\u2019Arcachon.<br \/>&#8211; Une baisse des effectifs qui se poursuit depuis plusieurs ann\u00e9es : 5% (0,9% pour le d\u00e9partement) et pourrait encore entra\u00eener des mesures de retrait. Chaque situation sera examin\u00e9e en relation avec les directeurs et les services municipaux,<br \/>&#8211; les 5 dispositifs PIAL correspondants aux 5 secteurs de coll\u00e8ges avec gestion d\u2019environ 120 AESH,<br \/>&#8211; le RASED : 4 Psychologues, 2 ma\u00eetres G et 1 ma\u00eetre E se r\u00e9partissant les interventions,<br \/>&#8211; 2 m\u00e9decins scolaires, des infirmi\u00e8res scolaires, 2 enseignants r\u00e9f\u00e9rents et 3 conseillers p\u00e9dagogiques,<br \/>&#8211; le \u00ab p\u00f4le ressources \u00bb pour venir en aide aux \u00e9coles confront\u00e9es aux situations les plus difficiles.<br \/><strong>Madame l\u2019IEN commente la circulaire de rentr\u00e9e qui insiste sur la \u00ab coh\u00e9sion \u00bb avec 4 points principaux :<\/strong> <br \/>&#8211; la progression de chacun (priorit\u00e9 des fondamentaux, labellisation des manuels, \u00e9valuations sur l\u2019ensemble des niveaux de l\u2019\u00e9cole \u00e9l\u00e9mentaire)<br \/>&#8211; la lutte contre les toutes les formes d\u2019assignation (mixit\u00e9, \u00e9ducation prioritaire, inclusion au sens large, la\u00efcit\u00e9, empathie, harc\u00e8lement)<br \/>&#8211; autour de l\u2019\u00e9cole et de ses personnels (protection, accompagnement, formation, \u00e9volution, autonomie des \u00e9coles et professionnalisation des directeurs pour un vrai pilotage,<br \/>&#8211; la construction de l\u2019\u00e9cole du futur (num\u00e9rique, IA, sant\u00e9 mentale et physique, comp\u00e9tences psychosociales).<br \/>Les \u00e9valuations d\u2019\u00e9cole auxquelles participent les DDEN concerneront cette ann\u00e9e : l\u2019ensemble des \u00e9coles des communes de Belin-Beliet, Le Teich et Saint Magne.<\/p>\n<p><br \/><strong>M. Nouveau rappelle, pour les nouveaux DDEN, les conditions de nomination et l\u2019int\u00e9r\u00eat d\u2019adh\u00e9rer \u00e0 l\u2019Union<\/strong> qui peut leur apporter aide et documentation dans l\u2019exercice de leur fonction.<br \/>Il \u00e9voque tous les domaines d\u2019intervention des DDEN et les incite \u00e0 demander \u00e0 participer aux diverses commissions municipales ainsi qu\u2019aux exercices de s\u00e9curit\u00e9.<br \/>Le renouvellement quadriennal doit avoir lieu dans le courant de l\u2019ann\u00e9e scolaire et la F\u00e9d\u00e9ration Nationale a demand\u00e9 que les formalit\u00e9s soient all\u00e9g\u00e9es (simple d\u00e9claration pour les DDEN d\u00e9j\u00e0 en poste) le d\u00e9cret n\u2019\u00e9tant pas encore paru. La d\u00e9cision appartient aux DASEN. (Attente de la r\u00e9ponse pour la Gironde)<br \/>Mme Jeannot invite \u00e0 faire conna\u00eetre les concours propos\u00e9s par l\u2019Union DDEN 33 qui peuvent mettre en valeur les activit\u00e9s des \u00e9coles et leur offrir des r\u00e9compenses :<br \/>&#8211; l\u2019op\u00e9ration \u00ab Patrimoine et Citoyennet\u00e9 \u00bb qui ne s\u00e9duisait plus a \u00e9t\u00e9 fusionn\u00e9e avec le concours de La R\u00e9sistance et ouverte aux classes de CM,<br \/>&#8211; l\u2019op\u00e9ration \u00ab Nature, environnement, \u00e9coles fleuries \u00bb,<br \/>&#8211; le nouveau concours photo \u00ab Raconte-moi ton \u00e9cole \u00bb.<br \/>L\u2019organisation de l\u2019AG d\u00e9partementale est en cours et date et lieu seront communiqu\u00e9s prochainement (sans doute, Cenon le 22 ou 29 mars)<br \/>La s\u00e9ance est lev\u00e9e \u00e0 17h.<\/p>\n\n\n\n\n","protected":false},"excerpt":{"rendered":"<p>Compte rendu de la r\u00e9union de d\u00e9l\u00e9gation DDEN Arcachon Sud du 30 septembre 2024Etaient pr\u00e9sents : Mme Lief, IEN.M Nouveau, Pr\u00e9sident D\u00e9partemental et de l\u2019UNION DDEN33.Mme Jeannot pr\u00e9sidente de la d\u00e9l\u00e9gation Arcachon \u2013 Sud.Mmes, Ablancourt, Arvor, Coineau, Mandeix, Tresfels, M.Caignard, M.Vagner, DDEN.Etaient excus\u00e9s : Mmes Darmusi\u00e9, Fontaine, Larrue, et Sapin, DDEN.Etaient absents : Mmes Mora, &hellip; <a href=\"https:\/\/dden33.org\/arcachon-sud\/2024\/10\/01\/compte-rendu-de-la-reunion-de-delegation-du-30-septembre-2024\/\" class=\"more-link\">Continuer la lecture de <span class=\"screen-reader-text\">Compte-rendu de la r\u00e9union de d\u00e9l\u00e9gation du 30 septembre 2024<\/span> <span class=\"meta-nav\">&rarr;<\/span><\/a><\/p>\n","protected":false},"author":18,"featured_media":0,"comment_status":"closed","ping_status":"closed","sticky":false,"template":"","format":"standard","meta":{"_bbp_topic_count":0,"_bbp_reply_count":0,"_bbp_total_topic_count":0,"_bbp_total_reply_count":0,"_bbp_voice_count":0,"_bbp_anonymous_reply_count":0,"_bbp_topic_count_hidden":0,"_bbp_reply_count_hidden":0,"_bbp_forum_subforum_count":0,"_jetpack_memberships_contains_paid_content":false,"footnotes":""},"categories":[3],"tags":[],"class_list":["post-407","post","type-post","status-publish","format-standard","hentry","category-article"],"jetpack_featured_media_url":"","jetpack_sharing_enabled":true,"_links":{"self":[{"href":"https:\/\/dden33.org\/arcachon-sud\/wp-json\/wp\/v2\/posts\/407","targetHints":{"allow":["GET"]}}],"collection":[{"href":"https:\/\/dden33.org\/arcachon-sud\/wp-json\/wp\/v2\/posts"}],"about":[{"href":"https:\/\/dden33.org\/arcachon-sud\/wp-json\/wp\/v2\/types\/post"}],"author":[{"embeddable":true,"href":"https:\/\/dden33.org\/arcachon-sud\/wp-json\/wp\/v2\/users\/18"}],"replies":[{"embeddable":true,"href":"https:\/\/dden33.org\/arcachon-sud\/wp-json\/wp\/v2\/comments?post=407"}],"version-history":[{"count":1,"href":"https:\/\/dden33.org\/arcachon-sud\/wp-json\/wp\/v2\/posts\/407\/revisions"}],"predecessor-version":[{"id":408,"href":"https:\/\/dden33.org\/arcachon-sud\/wp-json\/wp\/v2\/posts\/407\/revisions\/408"}],"wp:attachment":[{"href":"https:\/\/dden33.org\/arcachon-sud\/wp-json\/wp\/v2\/media?parent=407"}],"wp:term":[{"taxonomy":"category","embeddable":true,"href":"https:\/\/dden33.org\/arcachon-sud\/wp-json\/wp\/v2\/categories?post=407"},{"taxonomy":"post_tag","embeddable":true,"href":"https:\/\/dden33.org\/arcachon-sud\/wp-json\/wp\/v2\/tags?post=407"}],"curies":[{"name":"wp","href":"https:\/\/api.w.org\/{rel}","templated":true}]}}