{"id":410,"date":"2024-10-01T19:05:29","date_gmt":"2024-10-01T17:05:29","guid":{"rendered":"https:\/\/dden33.org\/arcachon-sud\/?p=410"},"modified":"2024-10-01T19:05:30","modified_gmt":"2024-10-01T17:05:30","slug":"compte-rendu-de-la-reunion-de-delegation-dden-arcachon-sud-du-24-mai-2024","status":"publish","type":"post","link":"https:\/\/dden33.org\/arcachon-sud\/2024\/10\/01\/compte-rendu-de-la-reunion-de-delegation-dden-arcachon-sud-du-24-mai-2024\/","title":{"rendered":"Compte-rendu de la r\u00e9union de d\u00e9l\u00e9gation DDEN Arcachon-sud du 24 mai 2024"},"content":{"rendered":"\n<div id=\"contentsContainer\" class=\"style-scope qowt-page\">\n<div id=\"contents\" class=\"style-scope qowt-page\">\n<h4 id=\"E90\" class=\"x-scope qowt-word-para-0\"><span id=\"E91\">Compte rendu de la r\u00e9union de d\u00e9l\u00e9gation DDEN Arcachon Sud\u00a0<\/span><span id=\"E94\">du<\/span><span id=\"E96\">\u00a024 mai 2024<\/span><\/h4>\n<p id=\"E97\" class=\"qowt-stl-Sansinterligne x-scope qowt-word-para-1\"><strong><span id=\"E99\">Etaient<\/span><\/strong><span id=\"E101\"><strong>\u00a0pr\u00e9sents<\/strong>\u00a0:\u00a0<\/span><span id=\"E103\">Mme Marquette, IEN<\/span><span id=\"E104\">,<\/span><span id=\"E106\">Mme Jeannot pr\u00e9sidente de la d\u00e9l\u00e9gation Arcachon \u2013 Sud<\/span><span id=\"E107\">,\u00a0<\/span><span id=\"E109\">Mmes Arvor,\u00a0<\/span><span id=\"E111\">Coineau<\/span><span id=\"E113\">,\u00a0<\/span><span id=\"E115\">Darmusi\u00e9<\/span><span id=\"E117\">, Fontaine,\u00a0<\/span><span id=\"E119\">Larrue<\/span><span id=\"E121\">,\u00a0<\/span><span id=\"E123\">Mandeix<\/span><span id=\"E125\">, et Mrs.\u00a0<\/span><span id=\"E127\">Caignard<\/span><span id=\"E129\">\u00a0et Vagner<\/span><span id=\"E130\">,<\/span><span id=\"E131\">\u00a0DDEN<\/span><span id=\"E132\">.<\/span><\/p>\n<p class=\"qowt-stl-Sansinterligne x-scope qowt-word-para-1\"><strong><span id=\"E135\">Etaient<\/span><\/strong><span id=\"E137\"><strong>\u00a0excus\u00e9s<\/strong>\u00a0: M Nouveau<\/span><span id=\"E138\">,<\/span><span id=\"E139\">\u00a0Pr\u00e9sident D\u00e9partemental et de l\u2019UNION DDEN33<\/span><span id=\"E140\">,\u00a0<\/span><span id=\"E142\">Mmes\u00a0<\/span><span id=\"E144\">Ablancourt<\/span><span id=\"E146\">, Sapin et\u00a0<\/span><span id=\"E148\">Tresfels<\/span><span id=\"E150\">, DDEN<\/span><span id=\"E151\">,<\/span><\/p>\n<p id=\"E152\" class=\"qowt-stl-Sansinterligne x-scope qowt-word-para-1\"><strong><span id=\"E154\">Etaient<\/span><\/strong><span id=\"E156\"><strong>\u00a0absentes\u00a0<\/strong>: Mmes Mora et\u00a0<\/span><span id=\"E158\">Reynier<\/span><span id=\"E160\">, DDEN.<\/span><\/p>\n<h5 id=\"E162\" class=\"qowt-stl-Sansinterligne x-scope qowt-word-para-1\"><span id=\"E163\">1. Mme Marquette, IEN, accueille les participants et ouvre la s\u00e9ance en proposant de faire un tour de table de pr\u00e9sentation.<\/span><\/h5>\n<p id=\"E164\" class=\"qowt-stl-Sansinterligne x-scope qowt-word-para-1\"><span id=\"E165\">Puis elle \u00e9voque\u00a0<\/span><span id=\"E166\">la carte scolaire<\/span><span id=\"E167\">\u00a0et les 8 fermetures dues \u00e0 une perte importante d\u2019effectifs. Elle a veill\u00e9 \u00e0 l\u2019accompagnement des personnels touch\u00e9s.\u00a0<\/span><span id=\"E168\">6 \u00e9<\/span><span id=\"E169\">coles sont encore sous surveillance avant d\u00e9cision\u00a0; la situation\u00a0<\/span><span id=\"E170\">de\u00a0<\/span><span id=\"E171\">Salles reste encore \u00e0 d\u00e9terminer.\u00a0<\/span><span id=\"E173\">Une<\/span><span id=\"E174\">\u00a0classe ULIS a \u00e9t\u00e9 d\u00e9plac\u00e9e de B<\/span><span id=\"E175\">elin vers Biganos pour r\u00e9pondre \u00e0 une meilleure r\u00e9partition de l\u2019offre.\u00a0<\/span><span id=\"E177\">Le cas particulier de l\u2019<\/span><span id=\"E178\">\u00e9cole du\u00a0<\/span><span id=\"E180\">M<\/span><span id=\"E181\">oulleau<\/span><span id=\"E183\">\u00a0fera l\u2019objet d\u2019un dispositif EMILE avec un enseignant bilingue pour certaines mati\u00e8res enseign\u00e9es en anglais et un animateur durant le temps p\u00e9riscolaire.<\/span><\/p>\n<p id=\"E184\" class=\"qowt-stl-Sansinterligne x-scope qowt-word-para-1\"><span id=\"E185\">La\u00a0<\/span><span id=\"E186\">charte des ATSEM\u00a0<\/span><span id=\"E187\">qui permet de \u00ab\u00a0se prot\u00e9ger en d\u00e9finissant les r\u00f4les\u00a0\u00bb est en finalisation pour La Teste (le temps de pause collectif souhait\u00e9 pour le repas est adopt\u00e9 avec le d\u00e9tachement\u00a0<\/span><span id=\"E188\">possible\u00a0<\/span><span id=\"E189\">d\u2019un agent pr\u00e9ala<\/span><span id=\"E190\">blement d\u00e9sign\u00e9 pour assurer les<\/span><span id=\"E191\">\u00a0urgence<\/span><span id=\"E192\">s<\/span><span id=\"E193\">). Il est rappel\u00e9 que seules les petites sections font l\u2019objet de la pr\u00e9sence obligatoire d\u2019une ATSEM et qu\u2019en<\/span><span id=\"E194\">\u00a0cas d\u2019absence d\u2019un autre agent<\/span><span id=\"E195\">, la priorit\u00e9 doit leur \u00eatre donn\u00e9e.\u00a0<\/span><span id=\"E197\">Cette charte est \u00e9tudi\u00e9e sur\u00a0<\/span><span id=\"E199\">Gujan<\/span><span id=\"E201\">, finalis\u00e9e \u00e0 Belin. Elle sera \u00e0 l\u2019\u00e9tude l\u2019an prochain pour Salles.<\/span><span id=\"E203\"><br \/><\/span><span id=\"E204\">L<\/span><span id=\"E205\">e fonctio<\/span><span id=\"E206\">nnement ne pose pas de probl\u00e8me \u00e0 Arcachon et au\u00a0<\/span><span id=\"E208\">Teich<\/span><span id=\"E210\">.<\/span><\/p>\n<p id=\"E211\" class=\"qowt-stl-Sansinterligne x-scope qowt-word-para-1\"><span id=\"E212\">La rentr\u00e9e \u00e9chelonn\u00e9e des PS\u00a0\u00a0<\/span><span id=\"E213\">fait l\u2019objet d\u2019une r\u00e9flexion pour une harmonisation au niveau de chaque commune.<\/span><\/p>\n<p id=\"E214\" class=\"qowt-stl-Sansinterligne x-scope qowt-word-para-1\"><span id=\"E215\">Dans le cadre du\u00a0<\/span><span id=\"E216\">PACTE<\/span><span id=\"E217\">, des interventions de PE volontaires ont eu lieu en maths et en fran\u00e7ais dans les coll\u00e8ges. Ce partenariat sera poursuivi.<\/span><\/p>\n<p id=\"E218\" class=\"qowt-stl-Sansinterligne x-scope qowt-word-para-1\"><span id=\"E219\">5\u00a0<\/span><span id=\"E220\">PIAL\u00a0<\/span><span id=\"E221\">sont en place. Les arr\u00eats maladie longue dur\u00e9e et les accidents du travail compliquent le fonctionnement des AESH. Ces personnels b\u00e9n\u00e9ficient de 60 heures de formation + des possibilit\u00e9s CONNEX<\/span><span id=\"E222\">-CS<\/span><span id=\"E223\">.<\/span><\/p>\n<p id=\"E224\" class=\"qowt-stl-Sansinterligne x-scope qowt-word-para-1\"><span id=\"E225\">Un projet sp\u00e9cifique \u00ab\u00a0On joue ensemble\u00a0\u00bb\u00a0<\/span><span id=\"E227\">va \u00eatre mis en place \u00e0 l\u2019\u00e9cole des\u00a0<\/span>Mouettes afin d\u2019am\u00e9liorer l\u2019accompagnement des parents. Ce projet est initi\u00e9 par l\u2019EN et b\u00e9n\u00e9ficiera de l\u2019appui de la PMI, du CD, des assistantes sociales et des ressources municipales.<\/p>\n<\/div>\n<\/div>\n<div id=\"contentsContainer\" class=\"style-scope qowt-page\">\n<div id=\"contents\" class=\"style-scope qowt-page\">\n<p id=\"E228\" class=\"qowt-stl-Sansinterligne x-scope qowt-word-para-1\"><span id=\"E230\">F.Coineau<\/span><span id=\"E232\">\u00a0propose la participation de \u00ab\u00a0Femmes Solidaires\u00a0\u00bb pour un a<\/span><span id=\"E233\">telier dans ce cadre.<\/span><\/p>\n<p id=\"E235\" class=\"qowt-stl-Sansinterligne x-scope qowt-word-para-1\"><span id=\"E236\">Le\u00a0<\/span><span id=\"E237\">probl\u00e8me de Belin<\/span><span id=\"E238\">\u00a0\u00e9tant \u00e9voqu\u00e9, le d\u00e9bat s\u2019engage sur les cons\u00e9quences g\u00e9n\u00e9r\u00e9es\u00a0<\/span><span id=\"E239\">(<\/span><span id=\"E240\">mouvement d\u00e9l\u00e9t\u00e8re sur les r\u00e9seaux sociaux par des parents soup\u00e7onneux<\/span><span id=\"E241\">\u00a0<\/span><span id=\"E242\">notamment sur Belin et Salles)<\/span><span id=\"E243\">. L\u2019IEN est pr\u00e9sente toutes les semaines dans l\u2019\u00e9cole. Plusieurs plaintes d\u2019enseignants ont \u00e9t\u00e9 d\u00e9pos\u00e9es pour des agressions verbales graves.<\/span><\/p>\n<p id=\"E244\" class=\"qowt-stl-Sansinterligne x-scope qowt-word-para-1\"><span id=\"E245\">Il convient de s\u00e9curiser l\u2019accueil des familles et des enseignants et de ne tenir aucun discours permettant le doute.<\/span><\/p>\n<p id=\"E247\" class=\"qowt-stl-Sansinterligne x-scope qowt-word-para-1\"><span id=\"E248\">Mme Marquette annonce ensuite la\u00a0<\/span><span id=\"E249\">nomination<\/span><span id=\"E250\">\u00a0de B\u00e9n\u00e9dicte LIEF en tant\u00a0<\/span><span id=\"E252\">qu\u2019 IEN<\/span><span id=\"E254\">\u00a0\u00e0 la rentr\u00e9e et le d\u00e9part \u00e0 la retraite de la secr\u00e9taire B\u00e9atrice Colin mais pas de changement pour l\u2019\u00e9quipe p\u00e9dagogique de circonscription.<\/span><\/p>\n<h5 id=\"E258\" class=\"qowt-stl-Sansinterligne x-scope qowt-word-para-2\"><span id=\"E259\">2. INFOS de l\u2019UNION DDEN33<\/span><\/h5>\n<p id=\"E260\" class=\"qowt-stl-Sansinterligne x-scope qowt-word-para-1\"><span id=\"E262\">A.Jeannot<\/span><span id=\"E264\">\u00a0\u00e9voque la\u00a0<\/span><span id=\"E265\">relance\u00a0<\/span><span id=\"E266\">du\u00a0<\/span><span id=\"E267\">site internet<\/span><span id=\"E268\">\u00a0et invite les DDEN \u00e0 le consulter pour y trouver des informations<\/span><span id=\"E269\">\u00a0d\u00e9partementales et f\u00e9d\u00e9rales<\/span><span id=\"E270\">, des documents<\/span><span id=\"E271\">\u00a0(fiche de visite par ex.), l\u2019agenda, les coordonn\u00e9es des responsables, etc.<\/span><\/p>\n<p id=\"E272\" class=\"qowt-stl-Sansinterligne x-scope qowt-word-para-1\"><span id=\"E273\">Elle informe de la\u00a0<\/span><span id=\"E274\">d\u00e9claration des heures de b\u00e9n\u00e9volat<\/span><span id=\"E275\">\u00a0de chacun qui sera \u00e0\u00a0<\/span><span id=\"E276\">\u00e9tablir<\/span><span id=\"E277\">\u00a0en fin d\u2019ann\u00e9e.<\/span><\/p>\n<p id=\"E278\" class=\"qowt-stl-Sansinterligne x-scope qowt-word-para-1\"><span id=\"E279\">Elle \u00e9voque ensuite\u00a0<\/span><span id=\"E280\">les Op\u00e9rations<\/span><span id=\"E281\">\u00a0organis\u00e9es par l\u2019Union et sollicite des DDEN afin de l\u2019accompagner dans la visite de la classe de\u00a0<\/span><span id=\"E283\">Gujan<\/span><span id=\"E285\">\u00a0qui a particip\u00e9 cette ann\u00e9e \u00e0 l\u2019Op\u00e9ration<\/span><span id=\"E286\">\u00a0Nature<\/span><span id=\"E287\">\u00a0et Environnement.<\/span><span id=\"E288\">\u00a0(<\/span><span id=\"E290\">mardi<\/span><span id=\"E292\">\u00a028 \u00e0 10h30).<\/span><\/p>\n<p id=\"E293\" class=\"qowt-stl-Sansinterligne x-scope qowt-word-para-1\"><span id=\"E294\">L\u2019O<\/span><span id=\"E295\">p\u00e9ration Patrimoine et Citoyennet\u00e9 n\u2019ayant pas connu de succ\u00e8s cette ann\u00e9e, elle incite les participants \u00e0 la faire conna\u00eetre. Elle informe de la cr\u00e9ation du nouveau concours photo \u00ab\u00a0Fais-nous vivre ton \u00e9cole\u00a0\u00bb dont le r\u00e8glement a \u00e9t\u00e9 valid\u00e9 par la DSDEN et sera tr\u00e8s prochainement en ligne sur le site.<\/span><\/p>\n<p id=\"E296\" class=\"qowt-stl-Sansinterligne x-scope qowt-word-para-1\"><span id=\"E297\">Elle aborde \u00e9galement le sujet du\u00a0<\/span><span id=\"E298\">renouvellement<\/span><span id=\"E299\">\u00a0qui interviendra d\u00e8s le d\u00e9but de l\u2019ann\u00e9e 2025 et incite les DDEN \u00e0 prospecter pour recruter (notamment ceux qui manifestent le d\u00e9sir de cesser leur mission).<\/span><\/p>\n<p id=\"E301\" class=\"qowt-stl-Sansinterligne x-scope qowt-word-para-1\"><span id=\"E302\">Un tour de table permet ensuite\u00a0<\/span><span id=\"E303\">\u00e0 chacun de s\u2019exprimer et divers sujets sont abord\u00e9s\u00a0:<\/span><\/p>\n<p id=\"E304\" class=\"qowt-li-0_0 qowt-list qowt-stl-Sansinterligne x-scope qowt-word-para-1\" role=\"listitem\"><span id=\"E305\">Les drapeaux et le triptyque (chacun est invit\u00e9 \u00e0 v\u00e9rifier et faire les demandes n\u00e9cessaires \u00e9ventuellement)<\/span><span id=\"E306\">,<\/span><\/p>\n<\/div>\n<\/div>\n<div id=\"pageBorders\" class=\"style-scope qowt-page\">\u00a0<\/div>\n<div id=\"contentsContainer\" class=\"style-scope qowt-page\">\n<div id=\"contents\" class=\"style-scope qowt-page\">\n<p id=\"E307\" class=\"x-scope qowt-li-0_0 qowt-list qowt-stl-Sansinterligne x-scope qowt-word-para-1\" role=\"listitem\"><span id=\"E308\">Le choix regrett\u00e9 de renommer \u00ab\u00a0Samuel\u00a0<\/span><span id=\"E310\">Paty<\/span><span id=\"E312\">\u00a0\u00bb l\u2019\u00e9cole du quartier des\u00a0<\/span><span id=\"E314\">Miquelots<\/span><span id=\"E316\">\u00a0de La Teste (ce nom convenant mieux \u00e0 un coll\u00e8ge)<\/span><span id=\"E317\">,<\/span><\/p>\n<p id=\"E318\" class=\"qowt-li-0_0 qowt-list qowt-stl-Sansinterligne x-scope qowt-word-para-1\" role=\"listitem\"><span id=\"E319\">Le climat apais\u00e9 \u00e0 l\u2019\u00e9cole Val Les Pins du\u00a0<\/span><span id=\"E321\">Teich<\/span><span id=\"E323\">\u00a0et la lenteur des menus travaux,<\/span><\/p>\n<p id=\"E324\" class=\"qowt-li-0_0 qowt-list qowt-stl-Sansinterligne x-scope qowt-word-para-1\" role=\"listitem\"><span id=\"E325\">Les interventions des PE dans les coll\u00e8ges<\/span><span id=\"E326\">,<\/span><\/p>\n<p id=\"E327\" class=\"qowt-li-0_0 qowt-list qowt-stl-Sansinterligne x-scope qowt-word-para-1\" role=\"listitem\"><span id=\"E328\">La semaine sans \u00e9cran<\/span><span id=\"E329\">,<\/span><\/p>\n<p id=\"E330\" class=\"qowt-li-0_0 qowt-list qowt-stl-Sansinterligne x-scope qowt-word-para-1\" role=\"listitem\"><span id=\"E331\">Le harc\u00e8lement et la violence<\/span><span id=\"E332\">,<\/span><\/p>\n<p id=\"E333\" class=\"qowt-li-0_0 qowt-list qowt-stl-Sansinterligne x-scope qowt-word-para-1\" role=\"listitem\"><span id=\"E334\">La suppression des MAD<\/span><span id=\"E335\">.<\/span><\/p>\n<h5 role=\"listitem\">Explication des Sigles :<\/h5>\n<p id=\"E341\" class=\"x-scope qowt-word-para-3\"><span id=\"E342\">ULIS unit\u00e9 localis\u00e9e pour l\u2019inclusion scolaire<\/span><\/p>\n<p id=\"E343\" class=\"x-scope qowt-word-para-3\"><span id=\"E344\">ATSEM agent territorial sp\u00e9cialis\u00e9 des \u00e9coles maternelles<\/span><\/p>\n<p id=\"E345\" class=\"x-scope qowt-word-para-3\"><span id=\"E346\">PACTE enseignant consiste \u00e0 effectuer des missions compl\u00e9mentaires r\u00e9mun\u00e9r\u00e9es qui reposent sur le volontariat des agents<\/span><\/p>\n<p id=\"E347\" class=\"x-scope qowt-word-para-3\"><span id=\"E348\" class=\"qowt-stl-hgkelc\">PIAL pole inclusif d\u2019accompagnement localis\u00e9<\/span><\/p>\n<p id=\"E349\" class=\"x-scope qowt-word-para-3\"><span id=\"E350\" class=\"qowt-stl-hgkelc\">AESH accompagnant d\u2019\u00e9l\u00e8ve en situation de handicap<\/span><\/p>\n<p id=\"E351\" class=\"x-scope qowt-word-para-3\"><span id=\"E352\" class=\"qowt-stl-hgkelc\">CONNEX-CS organisme d\u2019accompagnement \u00e0 la formation<\/span><\/p>\n<p id=\"E353\" class=\"x-scope qowt-word-para-3\"><span id=\"E354\" class=\"qowt-stl-hgkelc\">EN \u00c9ducation Nationale<\/span><\/p>\n<p id=\"E355\" class=\"x-scope qowt-word-para-3\"><span id=\"E356\" class=\"qowt-stl-hgkelc\">PMI protection maternelle et infantile<\/span><\/p>\n<p id=\"E357\" class=\"x-scope qowt-word-para-3\"><span id=\"E358\" class=\"qowt-stl-hgkelc\">CD Conseil D\u00e9partemental<\/span><\/p>\n<p id=\"E359\" class=\"x-scope qowt-word-para-3\"><span id=\"E360\" class=\"qowt-stl-hgkelc\">IEN Inspecteur de l\u2019\u00c9ducation Nationale<\/span><\/p>\n<p id=\"E361\" class=\"x-scope qowt-word-para-3\"><span id=\"E362\" class=\"qowt-stl-hgkelc\">MAD mis \u00e0 disposition<\/span><\/p>\n<p id=\"E363\" class=\"x-scope qowt-word-para-3\"><span id=\"E364\" class=\"qowt-stl-hgkelc\">EMILE enseignement d\u2019une mati\u00e8re int\u00e9gr\u00e9 \u00e0 une\u00a0<\/span><span id=\"E367\" class=\"qowt-stl-hgkelc\">langue \u00e9trang\u00e8re<\/span><\/p>\n<\/div>\n<\/div>\n\n\n","protected":false},"excerpt":{"rendered":"<p>Compte rendu de la r\u00e9union de d\u00e9l\u00e9gation DDEN Arcachon Sud\u00a0du\u00a024 mai 2024 Etaient\u00a0pr\u00e9sents\u00a0:\u00a0Mme Marquette, IEN,Mme Jeannot pr\u00e9sidente de la d\u00e9l\u00e9gation Arcachon \u2013 Sud,\u00a0Mmes Arvor,\u00a0Coineau,\u00a0Darmusi\u00e9, Fontaine,\u00a0Larrue,\u00a0Mandeix, et Mrs.\u00a0Caignard\u00a0et Vagner,\u00a0DDEN. Etaient\u00a0excus\u00e9s\u00a0: M Nouveau,\u00a0Pr\u00e9sident D\u00e9partemental et de l\u2019UNION DDEN33,\u00a0Mmes\u00a0Ablancourt, Sapin et\u00a0Tresfels, DDEN, Etaient\u00a0absentes\u00a0: Mmes Mora et\u00a0Reynier, DDEN. 1. Mme Marquette, IEN, accueille les participants et ouvre la s\u00e9ance &hellip; <a href=\"https:\/\/dden33.org\/arcachon-sud\/2024\/10\/01\/compte-rendu-de-la-reunion-de-delegation-dden-arcachon-sud-du-24-mai-2024\/\" class=\"more-link\">Continuer la lecture de <span class=\"screen-reader-text\">Compte-rendu de la r\u00e9union de d\u00e9l\u00e9gation DDEN Arcachon-sud du 24 mai 2024<\/span> <span class=\"meta-nav\">&rarr;<\/span><\/a><\/p>\n","protected":false},"author":18,"featured_media":0,"comment_status":"closed","ping_status":"closed","sticky":false,"template":"","format":"standard","meta":{"_bbp_topic_count":0,"_bbp_reply_count":0,"_bbp_total_topic_count":0,"_bbp_total_reply_count":0,"_bbp_voice_count":0,"_bbp_anonymous_reply_count":0,"_bbp_topic_count_hidden":0,"_bbp_reply_count_hidden":0,"_bbp_forum_subforum_count":0,"_jetpack_memberships_contains_paid_content":false,"footnotes":""},"categories":[3],"tags":[],"class_list":["post-410","post","type-post","status-publish","format-standard","hentry","category-article"],"jetpack_featured_media_url":"","jetpack_sharing_enabled":true,"_links":{"self":[{"href":"https:\/\/dden33.org\/arcachon-sud\/wp-json\/wp\/v2\/posts\/410","targetHints":{"allow":["GET"]}}],"collection":[{"href":"https:\/\/dden33.org\/arcachon-sud\/wp-json\/wp\/v2\/posts"}],"about":[{"href":"https:\/\/dden33.org\/arcachon-sud\/wp-json\/wp\/v2\/types\/post"}],"author":[{"embeddable":true,"href":"https:\/\/dden33.org\/arcachon-sud\/wp-json\/wp\/v2\/users\/18"}],"replies":[{"embeddable":true,"href":"https:\/\/dden33.org\/arcachon-sud\/wp-json\/wp\/v2\/comments?post=410"}],"version-history":[{"count":1,"href":"https:\/\/dden33.org\/arcachon-sud\/wp-json\/wp\/v2\/posts\/410\/revisions"}],"predecessor-version":[{"id":411,"href":"https:\/\/dden33.org\/arcachon-sud\/wp-json\/wp\/v2\/posts\/410\/revisions\/411"}],"wp:attachment":[{"href":"https:\/\/dden33.org\/arcachon-sud\/wp-json\/wp\/v2\/media?parent=410"}],"wp:term":[{"taxonomy":"category","embeddable":true,"href":"https:\/\/dden33.org\/arcachon-sud\/wp-json\/wp\/v2\/categories?post=410"},{"taxonomy":"post_tag","embeddable":true,"href":"https:\/\/dden33.org\/arcachon-sud\/wp-json\/wp\/v2\/tags?post=410"}],"curies":[{"name":"wp","href":"https:\/\/api.w.org\/{rel}","templated":true}]}}