{"id":306,"date":"2019-12-07T16:26:56","date_gmt":"2019-12-07T15:26:56","guid":{"rendered":"https:\/\/dden33.org\/langon\/?p=306"},"modified":"2019-12-07T16:29:46","modified_gmt":"2019-12-07T15:29:46","slug":"ecole-andre-labayle-de-st-pierre-de-mons","status":"publish","type":"post","link":"https:\/\/dden33.org\/langon\/2019\/12\/07\/ecole-andre-labayle-de-st-pierre-de-mons\/","title":{"rendered":"Ecole Andr\u00e9 Labayle de St Pierre de Mons."},"content":{"rendered":"\n<p>Tr\u00e8s bon travail de la Classe CM1-CM2 de l&rsquo;\u00e9cole Andr\u00e9 Labayle de St Pierre de Mons, propos\u00e9 par la DDEN de l&rsquo;\u00e9cole.<\/p>\n<p><a href=\"https:\/\/dden33.org\/langon\/wp-content\/uploads\/sites\/18\/2019\/12\/webjournal.pdf\">Web journal du 11 avril 2019 : Les enfants pour la paix.<\/a> (cliquer sur le titre pour visionner le journal).<\/p>\n<p><a href=\"https:\/\/dden33.org\/langon\/wp-content\/uploads\/sites\/18\/2019\/12\/Web-journal-quel-trimestre.pdf\">Web journal du dernier trimestre de l&rsquo;ann\u00e9e scolaire 2018-2019 : Quel trimestre. <\/a><span style=\"display: inline !important; float: none; background-color: #ffffff; color: #141412; cursor: text; font-family: 'Source Sans Pro',Helvetica,sans-serif; font-size: 16px; font-style: normal; font-variant: normal; font-weight: 400; letter-spacing: normal; orphans: 2; text-align: left; text-decoration: none; text-indent: 0px; text-transform: none; -webkit-text-stroke-width: 0px; white-space: normal; word-spacing: 0px;\">(cliquer sur le titre pour visionner le journal).<\/span><\/p>\n<p>\u00a0<\/p>\n","protected":false},"excerpt":{"rendered":"<p>Tr\u00e8s bon travail de la Classe CM1-CM2 de l&rsquo;\u00e9cole Andr\u00e9 Labayle de St Pierre de Mons, propos\u00e9 par la DDEN de l&rsquo;\u00e9cole. Web journal du 11 avril 2019 : Les enfants pour la paix. (cliquer sur le titre pour visionner le journal). Web journal du dernier trimestre de l&rsquo;ann\u00e9e scolaire 2018-2019 : Quel trimestre. (cliquer &hellip; <a href=\"https:\/\/dden33.org\/langon\/2019\/12\/07\/ecole-andre-labayle-de-st-pierre-de-mons\/\" class=\"more-link\">Continuer la lecture de <span class=\"screen-reader-text\">Ecole Andr\u00e9 Labayle de St Pierre de Mons.<\/span> <span class=\"meta-nav\">&rarr;<\/span><\/a><\/p>\n","protected":false},"author":2,"featured_media":305,"comment_status":"closed","ping_status":"closed","sticky":false,"template":"","format":"standard","meta":{"_bbp_topic_count":0,"_bbp_reply_count":0,"_bbp_total_topic_count":0,"_bbp_total_reply_count":0,"_bbp_voice_count":0,"_bbp_anonymous_reply_count":0,"_bbp_topic_count_hidden":0,"_bbp_reply_count_hidden":0,"_bbp_forum_subforum_count":0,"footnotes":""},"categories":[3,4],"tags":[],"class_list":["post-306","post","type-post","status-publish","format-standard","has-post-thumbnail","hentry","category-article","category-delegation"],"jetpack_featured_media_url":"https:\/\/dden33.org\/langon\/wp-content\/uploads\/sites\/18\/2019\/12\/DSC04892_mod.jpg","_links":{"self":[{"href":"https:\/\/dden33.org\/langon\/wp-json\/wp\/v2\/posts\/306","targetHints":{"allow":["GET"]}}],"collection":[{"href":"https:\/\/dden33.org\/langon\/wp-json\/wp\/v2\/posts"}],"about":[{"href":"https:\/\/dden33.org\/langon\/wp-json\/wp\/v2\/types\/post"}],"author":[{"embeddable":true,"href":"https:\/\/dden33.org\/langon\/wp-json\/wp\/v2\/users\/2"}],"replies":[{"embeddable":true,"href":"https:\/\/dden33.org\/langon\/wp-json\/wp\/v2\/comments?post=306"}],"version-history":[{"count":3,"href":"https:\/\/dden33.org\/langon\/wp-json\/wp\/v2\/posts\/306\/revisions"}],"predecessor-version":[{"id":311,"href":"https:\/\/dden33.org\/langon\/wp-json\/wp\/v2\/posts\/306\/revisions\/311"}],"wp:featuredmedia":[{"embeddable":true,"href":"https:\/\/dden33.org\/langon\/wp-json\/wp\/v2\/media\/305"}],"wp:attachment":[{"href":"https:\/\/dden33.org\/langon\/wp-json\/wp\/v2\/media?parent=306"}],"wp:term":[{"taxonomy":"category","embeddable":true,"href":"https:\/\/dden33.org\/langon\/wp-json\/wp\/v2\/categories?post=306"},{"taxonomy":"post_tag","embeddable":true,"href":"https:\/\/dden33.org\/langon\/wp-json\/wp\/v2\/tags?post=306"}],"curies":[{"name":"wp","href":"https:\/\/api.w.org\/{rel}","templated":true}]}}