{"id":314,"date":"2019-12-16T09:59:33","date_gmt":"2019-12-16T08:59:33","guid":{"rendered":"https:\/\/dden33.org\/langon\/?p=314"},"modified":"2019-12-16T09:59:34","modified_gmt":"2019-12-16T08:59:34","slug":"compte-rendu-reunion-du-15-10-19-a-langon","status":"publish","type":"post","link":"https:\/\/dden33.org\/langon\/2019\/12\/16\/compte-rendu-reunion-du-15-10-19-a-langon\/","title":{"rendered":"COMPTE RENDU REUNION DU 15\/10\/19 A LANGON"},"content":{"rendered":"\n<p><strong>Pr\u00e9sents<\/strong> :M. Christophe MEOT, IEN<br>Mme. Corinne DULOU, secr\u00e9tariat IEN<br>M. Jacky NOUVEAU, Pr\u00e9sident Union DDEN de la Gironde<br>Mmes.Martine CAUBIT, Marie-Claude DUCOS, Liliane FONTAINE, Marie-France GARNUNG, Marie-Andr\u00e9e LABROUCHE, Ma\u00eft\u00e9 LABROUSSE, Maryse LEYRAT, Josie MARRASSE<br>M. J.Pierre BANOS, J.Roger DUBOURG, J.Luc ENGLER, Pierre GORGE<br>\n<strong>Absentes excus\u00e9es<\/strong> : Nicole BREDA, Maryse DURAND<br><strong>Absentes<\/strong> : Martine BOIS, B\u00e9rang\u00e8re DELETANG<br><strong>D\u00e9missions<\/strong> : Marie PERRON , Jacques POMAREL<\/p>\n<p>IL est proc\u00e9d\u00e9 \u00e0 l&rsquo;accueil et la pr\u00e9sentation de deux nouveaux coll\u00e8gues, Maryse LEYRAT et Pierre GORGE.<\/p>\n<p><strong>Elections<\/strong> : La d\u00e9mission de Jacques POMAREL, Pr\u00e9sident de la d\u00e9l\u00e9gation du Langonnais \u2013 Sud-Gironde implique l&rsquo;\u00e9lection de nouveaux(elles) pr\u00e9sident(e) et vice-pr\u00e9sident(e).<br>Ont \u00e9t\u00e9 \u00e9lus : Pr\u00e9sident : J.Roger DUBOURG<br>Vice-Pr\u00e9sidente : Martine CAUBIT.<\/p>\n<p><strong>Intervention de M. MEOT<\/strong> :<br>Apr\u00e8s un hommage rendu \u00e0 l&rsquo;action et \u00e0 l&rsquo;engagement de Jacques POMAREL, M. MEOT pr\u00e9sente un document d\u00e9taillant les donn\u00e9es de la rentr\u00e9e 2019 au niveau d\u00e9partemental et local ainsi que les principaux axes des actions engag\u00e9es par le Minist\u00e8re.<\/p>\n<p>Le d\u00e9tail de cette intervention a \u00e9t\u00e9 communiqu\u00e9 par un mail de l&rsquo;IEN (mail du 17\/10).<\/p>\n<p>Dans le d\u00e9bat qui suit, l&rsquo;essentiel des interventions porte sur l&rsquo;ARS (manque de m\u00e9decins et infirmiers(\u00e8res) scolaires) ainsi que sur l&rsquo;accueil des enfants en situation de handicap.<\/p>\n<p>La circonscription a \u00e9t\u00e9 rep\u00e9r\u00e9e en difficult\u00e9 en math\u00e9matiques, d&rsquo;o\u00f9, en application du plan Villani, la nomination d&rsquo;un enseignant r\u00e9f\u00e9rent en math\u00e9matiques<br>.<br>M.MEOT a r\u00e9affirm\u00e9 le lien \u00e9troit \u00e0 pr\u00e9server entre l&rsquo;IEN (et son secr\u00e9tariat), les DDEN et les Directeurs d&rsquo;\u00e9cole.<\/p>\n<p><strong>Questions li\u00e9es \u00e0 la d\u00e9l\u00e9gation DDEN<\/strong> :<br>M.NOUVEAU donne quelques pr\u00e9cisions sur les op\u00e9rations conduites par la d\u00e9l\u00e9gation d\u00e9partementale, \u00e0 savoir les \u00ab Ecoles fleuries \u00bb et les actions autour de la nature, l&rsquo;environnement et le patrimoine.<br>Il remet un certain nombre de documents qui seront distribu\u00e9s \u00e0 chaque DDEN et insiste sur l&rsquo;int\u00e9r\u00eat qu&rsquo;il y a \u00e0 adh\u00e9rer \u00e0 l&rsquo;Union d\u00e9partementale.<br>Il pr\u00e9cise que l&rsquo;Assembl\u00e9e G\u00e9n\u00e9rale de l&rsquo;Union se tiendra le 4 avril 2020 \u00e0 Bordeaux au si\u00e8ge de la DSDEN, cours de Luze.<\/p>\n<p>La prochaine r\u00e9union de circonscription, au 2\u00e8me trimestre, pourrait se tenir \u00e0 St Symphorien, sous r\u00e9serve de la mise \u00e0 disposition d&rsquo;une salle.<\/p>\n","protected":false},"excerpt":{"rendered":"<p>Pr\u00e9sents :M. Christophe MEOT, IENMme. Corinne DULOU, secr\u00e9tariat IENM. Jacky NOUVEAU, Pr\u00e9sident Union DDEN de la GirondeMmes.Martine CAUBIT, Marie-Claude DUCOS, Liliane FONTAINE, Marie-France GARNUNG, Marie-Andr\u00e9e LABROUCHE, Ma\u00eft\u00e9 LABROUSSE, Maryse LEYRAT, Josie MARRASSEM. J.Pierre BANOS, J.Roger DUBOURG, J.Luc ENGLER, Pierre GORGE Absentes excus\u00e9es : Nicole BREDA, Maryse DURANDAbsentes : Martine BOIS, B\u00e9rang\u00e8re DELETANGD\u00e9missions : Marie PERRON &hellip; <a href=\"https:\/\/dden33.org\/langon\/2019\/12\/16\/compte-rendu-reunion-du-15-10-19-a-langon\/\" class=\"more-link\">Continuer la lecture de <span class=\"screen-reader-text\">COMPTE RENDU REUNION DU 15\/10\/19 A LANGON<\/span> <span class=\"meta-nav\">&rarr;<\/span><\/a><\/p>\n","protected":false},"author":2,"featured_media":7,"comment_status":"closed","ping_status":"closed","sticky":false,"template":"","format":"standard","meta":{"_bbp_topic_count":0,"_bbp_reply_count":0,"_bbp_total_topic_count":0,"_bbp_total_reply_count":0,"_bbp_voice_count":0,"_bbp_anonymous_reply_count":0,"_bbp_topic_count_hidden":0,"_bbp_reply_count_hidden":0,"_bbp_forum_subforum_count":0,"footnotes":""},"categories":[3,4],"tags":[],"class_list":["post-314","post","type-post","status-publish","format-standard","has-post-thumbnail","hentry","category-article","category-delegation"],"jetpack_featured_media_url":"https:\/\/dden33.org\/langon\/wp-content\/uploads\/sites\/18\/2016\/07\/langon.jpg","_links":{"self":[{"href":"https:\/\/dden33.org\/langon\/wp-json\/wp\/v2\/posts\/314","targetHints":{"allow":["GET"]}}],"collection":[{"href":"https:\/\/dden33.org\/langon\/wp-json\/wp\/v2\/posts"}],"about":[{"href":"https:\/\/dden33.org\/langon\/wp-json\/wp\/v2\/types\/post"}],"author":[{"embeddable":true,"href":"https:\/\/dden33.org\/langon\/wp-json\/wp\/v2\/users\/2"}],"replies":[{"embeddable":true,"href":"https:\/\/dden33.org\/langon\/wp-json\/wp\/v2\/comments?post=314"}],"version-history":[{"count":1,"href":"https:\/\/dden33.org\/langon\/wp-json\/wp\/v2\/posts\/314\/revisions"}],"predecessor-version":[{"id":315,"href":"https:\/\/dden33.org\/langon\/wp-json\/wp\/v2\/posts\/314\/revisions\/315"}],"wp:featuredmedia":[{"embeddable":true,"href":"https:\/\/dden33.org\/langon\/wp-json\/wp\/v2\/media\/7"}],"wp:attachment":[{"href":"https:\/\/dden33.org\/langon\/wp-json\/wp\/v2\/media?parent=314"}],"wp:term":[{"taxonomy":"category","embeddable":true,"href":"https:\/\/dden33.org\/langon\/wp-json\/wp\/v2\/categories?post=314"},{"taxonomy":"post_tag","embeddable":true,"href":"https:\/\/dden33.org\/langon\/wp-json\/wp\/v2\/tags?post=314"}],"curies":[{"name":"wp","href":"https:\/\/api.w.org\/{rel}","templated":true}]}}