{"id":340,"date":"2023-07-12T11:07:09","date_gmt":"2023-07-12T09:07:09","guid":{"rendered":"https:\/\/dden33.org\/langon\/?p=340"},"modified":"2023-07-12T11:12:46","modified_gmt":"2023-07-12T09:12:46","slug":"ecole-elementaire-andre-labayle-de-saint-pierre-de-mons","status":"publish","type":"post","link":"https:\/\/dden33.org\/langon\/2023\/07\/12\/ecole-elementaire-andre-labayle-de-saint-pierre-de-mons\/","title":{"rendered":"<strong>Ecole \u00e9l\u00e9mentaire Andr\u00e9 LABAYLE de Saint Pierre de Mons<\/strong>"},"content":{"rendered":"\n<p><strong>2021\/2022 &#8211; 2022\/2023<\/strong><\/p>\n\n\n\n<p>2 ann\u00e9es d\u00e9di\u00e9es a la nature,<\/p>\n\n\n\n<p>En effet, l&rsquo;\u00e9quipe enseignante a eu un projet qui a servi de fil conducteur pour ces 2 ann\u00e9es scolaires :<\/p>\n\n\n\n<ul class=\"wp-block-list\">\n<li>les d\u00e9chets, le traitement des d\u00e9chets, la nature, l&rsquo;environnement, l&rsquo;\u00e9cosyst\u00e8me.<\/li>\n\n\n\n<li>Et avec la contribution de la municipalit\u00e9 : la v\u00e9g\u00e9talisation des cours de r\u00e9cr\u00e9ation.<\/li>\n<\/ul>\n\n\n\n<p>Nous avons pu assister \u00e0 la rentr\u00e9e 2022 &#8211; 2023 au vernissage d&rsquo;affiches qui ont (gr\u00e2ce \u00e0 la r\u00e9flexion des \u00e9l\u00e8ves de la Maternelle au CM2) pour but de prendre conscience et de sensibiliser tout un chacun \u00e0 l&rsquo;importance de prot\u00e9ger la nature.<\/p>\n\n\n\n<p>Certains de ces panneaux ont \u00e9t\u00e9 agrandis et positionn\u00e9s sur la cl\u00f4ture de l&rsquo;\u00e9cole en exposition et sur les bords des routes, si bien que lorsque l&rsquo;on arrive dans le village on est \u00ab\u00a0mis au parfum\u00a0\u00bb. \u00ab\u00a0Ici, pas de d\u00e9chets dans la nature !!!\u00a0\u00bb<\/p>\n\n\n\n<ul class=\"wp-block-list\">\n<li>4 matin\u00e9es ont \u00e9t\u00e9 programm\u00e9es pour ramasser des d\u00e9chets au bord de la route et dans les foss\u00e9s.<\/li>\n\n\n\n<li>Des ateliers de mosa\u00efques ont \u00e9t\u00e9 programm\u00e9s avec une artiste toujours sur le th\u00e8me de la biodiversit\u00e9. Les fresques r\u00e9alis\u00e9es ont \u00e9t\u00e9 fix\u00e9es \u00e0 l&rsquo;entr\u00e9e de l\u2019\u00e9cole et sur les fa\u00e7ades des classes. Ce qui a donn\u00e9 l&rsquo;occasion aux parents de venir appr\u00e9cier le travail et l&rsquo;implication de leurs enfants.<\/li>\n\n\n\n<li>Le changement climatique et les fortes chaleurs nous invitent \u00e0 une r\u00e9flexion&#8230; : comment rafra\u00eechir les classes et les cours de r\u00e9cr\u00e9ation ?<\/li>\n<\/ul>\n\n\n\n<p>Des solutions ont \u00e9t\u00e9 trouv\u00e9es : syst\u00e8me de ventilation nocturne pour les classes, v\u00e9g\u00e9talisation par la plantation d&rsquo;arbres dans les cours de r\u00e9cr\u00e9ation ainsi que l&rsquo;implantation d&rsquo;une tonnelle sur laquelle une glycine et en train de prendre place.<\/p>\n\n\n\n<p>F\u00e9licitations pour l&rsquo;implication de chacun ; \u00e9quipe enseignante, \u00e9l\u00e8ves, \u00e9quipe municipale, employ\u00e9s communaux , ACPE, b\u00e9n\u00e9voles&#8230;<\/p>\n\n\n\r\n\t<div class=\"slideshow_container slideshow_container_style-light\" style=\"height: 400px; \" data-slideshow-id=\"339\" data-style-name=\"style-light\" data-style-version=\"2.3.1\" >\r\n\r\n\t\t\t\t\t<div class=\"slideshow_loading_icon\"><\/div>\r\n\t\t\r\n\t\t<div class=\"slideshow_content\" style=\"display: none;\">\r\n\r\n\t\t\t<div class=\"slideshow_view\">\r\n\t\t\t\t<div class=\"slideshow_slide slideshow_slide_image\">\r\n\t\t\t\t\t\t\t\t\t\t\t<img src=\"https:\/\/dden33.org\/langon\/wp-content\/uploads\/sites\/18\/2023\/07\/inauguration-Mosaique-4.jpg\" alt=\"inauguration Mosa\u00efque 4\" width=\"848\" height=\"1131\" \/>\r\n\t\t\t\t\t\t\t\t\t\t<div class=\"slideshow_description_box slideshow_transparent\">\r\n\t\t\t\t\t\t<div class=\"slideshow_title\">inauguration Mosa\u00efque 4<\/div>\t\t\t\t\t\t\t\t\t\t\t<\/div>\r\n\t\t\t\t<\/div>\r\n\r\n\t\t\t\t\t\t<div style=\"clear: both;\"><\/div><\/div><div class=\"slideshow_view\">\r\n\t\t\t\t<div class=\"slideshow_slide slideshow_slide_image\">\r\n\t\t\t\t\t\t\t\t\t\t\t<img src=\"https:\/\/dden33.org\/langon\/wp-content\/uploads\/sites\/18\/2023\/07\/inauguration-Mosaique-1.jpg\" alt=\"inauguration Mosa\u00efque 1\" width=\"848\" height=\"1131\" \/>\r\n\t\t\t\t\t\t\t\t\t\t<div class=\"slideshow_description_box slideshow_transparent\">\r\n\t\t\t\t\t\t<div class=\"slideshow_title\">inauguration Mosa\u00efque 1<\/div>\t\t\t\t\t\t\t\t\t\t\t<\/div>\r\n\t\t\t\t<\/div>\r\n\r\n\t\t\t\t\t\t<div style=\"clear: both;\"><\/div><\/div><div class=\"slideshow_view\">\r\n\t\t\t\t<div class=\"slideshow_slide slideshow_slide_image\">\r\n\t\t\t\t\t\t\t\t\t\t\t<img src=\"https:\/\/dden33.org\/langon\/wp-content\/uploads\/sites\/18\/2023\/07\/inauguration-Mosaique-2.jpg\" alt=\"inauguration Mosa\u00efque 2\" width=\"848\" height=\"1131\" \/>\r\n\t\t\t\t\t\t\t\t\t\t<div class=\"slideshow_description_box slideshow_transparent\">\r\n\t\t\t\t\t\t<div class=\"slideshow_title\">inauguration Mosa\u00efque 2<\/div>\t\t\t\t\t\t\t\t\t\t\t<\/div>\r\n\t\t\t\t<\/div>\r\n\r\n\t\t\t\t\t\t<div style=\"clear: both;\"><\/div><\/div><div class=\"slideshow_view\">\r\n\t\t\t\t<div class=\"slideshow_slide slideshow_slide_image\">\r\n\t\t\t\t\t\t\t\t\t\t\t<img src=\"https:\/\/dden33.org\/langon\/wp-content\/uploads\/sites\/18\/2023\/07\/inauguration-Mosaique-3.jpg\" alt=\"inauguration Mosa\u00efque 3\" width=\"848\" height=\"1131\" \/>\r\n\t\t\t\t\t\t\t\t\t\t<div class=\"slideshow_description_box slideshow_transparent\">\r\n\t\t\t\t\t\t<div class=\"slideshow_title\">inauguration Mosa\u00efque 3<\/div>\t\t\t\t\t\t\t\t\t\t\t<\/div>\r\n\t\t\t\t<\/div>\r\n\r\n\t\t\t\t\t\t<div style=\"clear: both;\"><\/div><\/div><div class=\"slideshow_view\">\r\n\t\t\t\t<div class=\"slideshow_slide slideshow_slide_image\">\r\n\t\t\t\t\t\t\t\t\t\t\t<img src=\"https:\/\/dden33.org\/langon\/wp-content\/uploads\/sites\/18\/2023\/07\/inauguration-Mosaique-6.jpg\" alt=\"inauguration Mosa\u00efque 6\" width=\"799\" height=\"599\" \/>\r\n\t\t\t\t\t\t\t\t\t\t<div class=\"slideshow_description_box slideshow_transparent\">\r\n\t\t\t\t\t\t<div class=\"slideshow_title\">inauguration Mosa\u00efque 6<\/div>\t\t\t\t\t\t\t\t\t\t\t<\/div>\r\n\t\t\t\t<\/div>\r\n\r\n\t\t\t\t\t\t<div style=\"clear: both;\"><\/div><\/div><div class=\"slideshow_view\">\r\n\t\t\t\t<div class=\"slideshow_slide slideshow_slide_image\">\r\n\t\t\t\t\t\t\t\t\t\t\t<img src=\"https:\/\/dden33.org\/langon\/wp-content\/uploads\/sites\/18\/2023\/07\/inauguration-Mosaique-5.jpg\" alt=\"inauguration Mosa\u00efque 5\" width=\"799\" height=\"599\" \/>\r\n\t\t\t\t\t\t\t\t\t\t<div class=\"slideshow_description_box slideshow_transparent\">\r\n\t\t\t\t\t\t<div class=\"slideshow_title\">inauguration Mosa\u00efque 5<\/div>\t\t\t\t\t\t\t\t\t\t\t<\/div>\r\n\t\t\t\t<\/div>\r\n\r\n\t\t\t\t\t\t<div style=\"clear: both;\"><\/div><\/div>\r\n\t\t<\/div>\r\n\r\n\t\t<div class=\"slideshow_controlPanel slideshow_transparent\" style=\"display: none;\"><ul><li class=\"slideshow_togglePlay\" data-play-text=\"Play\" data-pause-text=\"Pause\"><\/li><\/ul><\/div>\r\n\r\n\t\t<div class=\"slideshow_button slideshow_previous slideshow_transparent\" role=\"button\" data-previous-text=\"Pr\u00e9c\u00e9dent\" style=\"display: none;\"><\/div>\r\n\t\t<div class=\"slideshow_button slideshow_next slideshow_transparent\" role=\"button\" data-next-text=\"Suivant\" style=\"display: none;\"><\/div>\r\n\r\n\t\t<div class=\"slideshow_pagination\" style=\"display: none;\" data-go-to-text=\"Go to slide\"><div class=\"slideshow_pagination_center\"><\/div><\/div>\r\n\r\n\t\t<!-- WordPress Slideshow Version 2.3.1 -->\r\n\r\n\t\t\t<\/div>\r\n\r\n\n","protected":false},"excerpt":{"rendered":"<p>2021\/2022 &#8211; 2022\/2023 2 ann\u00e9es d\u00e9di\u00e9es a la nature, En effet, l&rsquo;\u00e9quipe enseignante a eu un projet qui a servi de fil conducteur pour ces 2 ann\u00e9es scolaires : Nous avons pu assister \u00e0 la rentr\u00e9e 2022 &#8211; 2023 au vernissage d&rsquo;affiches qui ont (gr\u00e2ce \u00e0 la r\u00e9flexion des \u00e9l\u00e8ves de la Maternelle au CM2) &hellip; <a href=\"https:\/\/dden33.org\/langon\/2023\/07\/12\/ecole-elementaire-andre-labayle-de-saint-pierre-de-mons\/\" class=\"more-link\">Continuer la lecture de <span class=\"screen-reader-text\"><strong>Ecole \u00e9l\u00e9mentaire Andr\u00e9 LABAYLE de Saint Pierre de Mons<\/strong><\/span> <span class=\"meta-nav\">&rarr;<\/span><\/a><\/p>\n","protected":false},"author":2,"featured_media":0,"comment_status":"open","ping_status":"open","sticky":false,"template":"","format":"standard","meta":{"_bbp_topic_count":0,"_bbp_reply_count":0,"_bbp_total_topic_count":0,"_bbp_total_reply_count":0,"_bbp_voice_count":0,"_bbp_anonymous_reply_count":0,"_bbp_topic_count_hidden":0,"_bbp_reply_count_hidden":0,"_bbp_forum_subforum_count":0,"footnotes":""},"categories":[3,4],"tags":[],"class_list":["post-340","post","type-post","status-publish","format-standard","hentry","category-article","category-delegation"],"jetpack_featured_media_url":"","_links":{"self":[{"href":"https:\/\/dden33.org\/langon\/wp-json\/wp\/v2\/posts\/340","targetHints":{"allow":["GET"]}}],"collection":[{"href":"https:\/\/dden33.org\/langon\/wp-json\/wp\/v2\/posts"}],"about":[{"href":"https:\/\/dden33.org\/langon\/wp-json\/wp\/v2\/types\/post"}],"author":[{"embeddable":true,"href":"https:\/\/dden33.org\/langon\/wp-json\/wp\/v2\/users\/2"}],"replies":[{"embeddable":true,"href":"https:\/\/dden33.org\/langon\/wp-json\/wp\/v2\/comments?post=340"}],"version-history":[{"count":3,"href":"https:\/\/dden33.org\/langon\/wp-json\/wp\/v2\/posts\/340\/revisions"}],"predecessor-version":[{"id":343,"href":"https:\/\/dden33.org\/langon\/wp-json\/wp\/v2\/posts\/340\/revisions\/343"}],"wp:attachment":[{"href":"https:\/\/dden33.org\/langon\/wp-json\/wp\/v2\/media?parent=340"}],"wp:term":[{"taxonomy":"category","embeddable":true,"href":"https:\/\/dden33.org\/langon\/wp-json\/wp\/v2\/categories?post=340"},{"taxonomy":"post_tag","embeddable":true,"href":"https:\/\/dden33.org\/langon\/wp-json\/wp\/v2\/tags?post=340"}],"curies":[{"name":"wp","href":"https:\/\/api.w.org\/{rel}","templated":true}]}}