{"id":266,"date":"2019-12-16T10:24:29","date_gmt":"2019-12-16T09:24:29","guid":{"rendered":"https:\/\/dden33.org\/libourne1\/?p=266"},"modified":"2019-12-16T10:24:31","modified_gmt":"2019-12-16T09:24:31","slug":"reunion-de-circonscription-du-27-novembre-2019","status":"publish","type":"post","link":"https:\/\/dden33.org\/libourne1\/2019\/12\/16\/reunion-de-circonscription-du-27-novembre-2019\/","title":{"rendered":"R\u00e9union de Circonscription du 27 novembre 2019"},"content":{"rendered":"\n<ul>\n<li><strong>Pr\u00e9sents<\/strong>&nbsp;:<\/li>\n<\/ul>\n<p>Mr Vanhuysse&nbsp;(IEN Libourne I), Mr Nouveau (Pr\u00e9sident Union 33).<\/p>\n<p>Mmes Bourgeix, Chagneau, Lacosse, Orio, Turpault.<\/p>\n<p>Mrs Baryga, Reynaud, Barra.<\/p>\n<ul>\n<li><strong>Excus\u00e9s<\/strong>&nbsp;: Mmes Cathelin, Hudec. Mr Baudry.<\/li>\n<\/ul>\n<p><strong><span style=\"color: #800000;\">Pr\u00e9liminaires<\/span><\/strong><\/p>\n<p>Le lieu de la rencontre, dans les locaux de l\u2019Inspection n\u2019est pas forc\u00e9ment tr\u00e8s pertinent&nbsp;: Probl\u00e8me du stationnement.<\/p>\n<p>Le retour \u00e0 la Maison des Associations est devenu tr\u00e8s compliqu\u00e9 avec un choix de date longtemps \u00e0 l\u2019avance \u00e0 mettre en regard avec les disponibilit\u00e9s de l\u2019Inspecteur.<\/p>\n<p>Difficult\u00e9 pour trouver une autre salle&nbsp;; \u00e9cole&nbsp;?, mais compliqu\u00e9 avec convention Mairie et pb de cl\u00e9.<\/p>\n<p>A l\u2019avenir&nbsp;:<\/p>\n<ul>\n<li>Inspection&nbsp;: Possibilit\u00e9 de stationner Bd Kleber et navette \u00ab&nbsp;Barra&nbsp;\u00bb<\/li>\n<li>D\u00e9centralisation sur autre commune rurale&nbsp;?<\/li>\n<\/ul>\n<p>Noter&nbsp;: adresse IEN&nbsp;: 48 rue Etienne Sabati\u00e9. Libourne. N\u00b0 tel&nbsp;: 05 57 57 35 14<\/p>\n<p>Mr Vanhuysse : 06 27 43 69 35 &#8211; Mail&nbsp;: jacques.vanhuysse@ac-bordeaux.fr<\/p>\n<p>Ou passer par M. Barra&nbsp;: 07 87 83 23 94 &#8211; michel.barra33@orange.fr<\/p>\n<p><span style=\"color: #800000;\"><strong>Les DDEN de la circonscription<\/strong><\/span><\/p>\n<p>Accueil et pr\u00e9sentation de Mr Baryga, coopt\u00e9, en attente de nomination en CDEN pour l\u2019\u00e9cole \u00e9l\u00e9mentaire Libourne Centre.<\/p>\n<p>12+1 = 13. Le recrutement de nouveaux DDEN est tr\u00e8s difficile.<\/p>\n<p><span style=\"color: #800000;\"><strong>Les missions du DDEN. Les supports<\/strong><\/span><\/p>\n<p>Les missions du DDEN, connues de tous les participants, sont tout de m\u00eame rappel\u00e9es et pr\u00e9cis\u00e9es en prenant appui sur le document fourni par l\u2019UNION (qui peut \u00eatre affich\u00e9 dans les \u00e9coles). Il est bien insist\u00e9 sur son r\u00f4le de facilitateur, de m\u00e9diateur, toujours dans une position de totale neutralit\u00e9.<\/p>\n<p>Elections municipales&nbsp;: il n\u2019est pas possible de rester DDEN d\u2019une \u00e9cole si on est \u00e9lu sur la commune d\u2019implantation. Durant la campagne \u00e9lectorale, n\u00e9cessit\u00e9 de rester en retrait.<\/p>\n<p>(Cf Code de l\u2019Education et courrier DASEN \/ Pr\u00e9sident UNION).<\/p>\n<p>Le DDEN peut se r\u00e9f\u00e9rer aux diff\u00e9rents documents fournis par l\u2019Union&nbsp;: vade-mecum, affichettes, chemises, flash d\u00e9partemental, le D\u00e9l\u00e9gu\u00e9, le site internet, le rapport de visite\u2026 et contacter l\u2019Union (\u00e0 laquelle il peut adh\u00e9rer) si n\u00e9cessaire.<\/p>\n<p><span style=\"color: #800000;\"><strong>Les actions d\u00e9partementales<\/strong><\/span><\/p>\n<p>Informations et modalit\u00e9s d\u2019inscription parviennent dans les \u00e9coles par le canal de la DSDEN pour les op\u00e9rations Patrimoine, Nature-Environnement,&nbsp;Se construire citoyen.<\/p>\n<p>Arbres de la la\u00efcit\u00e9&nbsp;&nbsp;: 3 plantations le 9\/12\/2109.<\/p>\n<p>AG d\u00e9partementale&nbsp;: Date&nbsp;: 4 avril 2020 &#8211; Lieu&nbsp;: Bordeaux DSDEN<\/p>\n<p><span style=\"color: #800000;\"><strong>Intervention IEN<\/strong><\/span><\/p>\n<ul>\n<li>Infos de rentr\u00e9e<\/li>\n<\/ul>\n<p>Pas de r\u00e9forme de fond cette ann\u00e9e.<\/p>\n<p>Scolarit\u00e9 obligatoire \u00e0 partir de 3 ans mais avec une rentr\u00e9e en septembre. Cette mesure n\u2019a entra\u00een\u00e9 qu\u2019une tr\u00e8s l\u00e9g\u00e8re augmentation d\u2019effectif (+ 10) sur la circonscription.<\/p>\n<p>L\u2019instruction \u00ab&nbsp;\u00e0 domicile&nbsp;\u00bb est par contre en augmentation sensible. Les demandes doivent \u00eatre faites aupr\u00e8s du DASEN et en Mairie. Un contr\u00f4le conjoint Education Nationale\/Collectivit\u00e9 est exerc\u00e9 avec v\u00e9rification des acquis par \u00e9crit. Il est difficile d\u2019identifier tous les enfants qui b\u00e9n\u00e9ficieraient de cette forme d\u2019instruction.<\/p>\n<p>La circonscription ne poss\u00e8de pas de zone d\u2019\u00e9ducation prioritaire. Cependant les effectifs de toutes les classes de GS, CP, CE1 ne devront plus d\u00e9passer 24 \u00e9l\u00e8ves.<\/p>\n<p>Sur la circonscription, 53 \u00e9coles ont opt\u00e9 (de fa\u00e7on d\u00e9rogatoire) pour la semaine de 4 jours. Une seule est rest\u00e9e sur la semaine \u00e0 4,5 jours.<\/p>\n<ul>\n<li>Les \u00e9valuations nationales CP, CE1, 6<sup>\u00e8me<\/sup>.<sup>.<\/sup><\/li>\n<\/ul>\n<p>En CP et CE1 elles se sont techniquement bien d\u00e9roul\u00e9es. Organisation plus compliqu\u00e9e en 6<sup>\u00e8me<\/sup>.<\/p>\n<p>Il faut \u00eatre prudent sur l\u2019analyse des r\u00e9sultats. Il semble que pour la circonscription les r\u00e9sultats ne soient pas tr\u00e8s bons, en dessous de la moyenne nationale mais \u00e0 corr\u00e9ler avec l\u2019IPS (Indice de Positionnement Social).<\/p>\n<p>&nbsp;<\/p>\n<ul>\n<li>Le dispositif PIAL<\/li>\n<\/ul>\n<p>Un service public de l\u2019\u00e9cole inclusive est institu\u00e9 dans chaque d\u00e9partement. Il a pour mission la mise en \u0153uvre, le suivi et l\u2019\u00e9valuation de la politique de scolarisation des \u00e9l\u00e8ves \u00e0 besoins \u00e9ducatifs particuliers. Il devra de plus g\u00e9rer une cellule d\u2019accueil et d\u2019\u00e9coute destin\u00e9e aux parents et piloter la politique de recrutement, de formation et d\u2019emploi des AESH (Accompagnants des \u00e9l\u00e8ves en situation de handicap).<\/p>\n<p>Les PIAL (P\u00f4les Inclusifs d\u2019Accompagnement Localis\u00e9s) sont d\u00e9ploy\u00e9s \u00e0 partir des coll\u00e8ges avec ULIS (Unit\u00e9s Localis\u00e9es pour l\u2019Inclusion Scolaire). La circonscription compte 6 secteurs de coll\u00e8ge dont 5 avec ULIS, elle b\u00e9n\u00e9ficiera donc de 5 PIAL. Le 6<sup>\u00e8me<\/sup>secteur (Rauzan) sera pilot\u00e9 au niveau du d\u00e9partement.<\/p>\n<p>Ce nouveau dispositif avec un coordonnateur par PIAL permet une gestion de proximit\u00e9, plus r\u00e9active, plus efficace, avec une relation facilit\u00e9e entre enseignants et intervenants m\u00e9dico-sociaux.<\/p>\n<p>Un peu plus de 130 AESH interviennent au sein de ce dispositif.<\/p>\n<p><span style=\"color: #800000;\"><strong>Tour de table<\/strong><\/span><\/p>\n<p>Les effectifs de l\u2019\u00e9cole de Moulon sont en baisse sensible, ce qui laisse craindre un risque important de fermeture de classe. L\u2019IEN doit rencontrer le Maire.<\/p>\n<p>Sur les autres \u00e9coles repr\u00e9sent\u00e9es, pas de probl\u00e8mes.<\/p>\n<p>A Arveyres, une augmentation du nombre d\u2019enfants a oblig\u00e9 l\u2019\u00e9quipe p\u00e9dagogique \u00e0 diriger quelques GS vers l\u2019\u00e9l\u00e9mentaire.<\/p>\n<p>Un probl\u00e8me d\u2019horaire de ramassage scolaire perdure sur le SIRP de St Jean de Blaignac (apparemment sans solution).<\/p>\n<p>Tour de table et questions diverses sont abr\u00e9g\u00e9s en raison de l\u2019heure, ce qui est regrett\u00e9 par l\u2019ensemble des participants.<\/p>\n<p>Fin de la r\u00e9union 12h 15.&nbsp;&nbsp;&nbsp;&nbsp;<\/p>\n<p style=\"text-align: center;\">Le pr\u00e9sident de d\u00e9l\u00e9gation Libourne I&nbsp;<br>\nM.Barra.<\/p>\n<p><span style=\"color: #800000;\"><strong><em>Remarque post r\u00e9union, hors CR<\/em><\/strong><\/span><\/p>\n<p><em>Dans l\u2019avenir, il faudra mieux \u00e9quilibrer les temps d\u2019intervention afin de privil\u00e9gier les questions li\u00e9es aux probl\u00e9matiques de la circonscription<\/em><\/p>\n","protected":false},"excerpt":{"rendered":"<p>Pr\u00e9sents&nbsp;: Mr Vanhuysse&nbsp;(IEN Libourne I), Mr Nouveau (Pr\u00e9sident Union 33). Mmes Bourgeix, Chagneau, Lacosse, Orio, Turpault. Mrs Baryga, Reynaud, Barra. Excus\u00e9s&nbsp;: Mmes Cathelin, Hudec. Mr Baudry. Pr\u00e9liminaires Le lieu de la rencontre, dans les locaux de l\u2019Inspection n\u2019est pas forc\u00e9ment tr\u00e8s pertinent&nbsp;: Probl\u00e8me du stationnement. Le retour \u00e0 la Maison des Associations est devenu tr\u00e8s &hellip; <a href=\"https:\/\/dden33.org\/libourne1\/2019\/12\/16\/reunion-de-circonscription-du-27-novembre-2019\/\" class=\"more-link\">Continuer la lecture de <span class=\"screen-reader-text\">R\u00e9union de Circonscription du 27 novembre 2019<\/span> <span class=\"meta-nav\">&rarr;<\/span><\/a><\/p>\n","protected":false},"author":2,"featured_media":5,"comment_status":"closed","ping_status":"closed","sticky":false,"template":"","format":"standard","meta":{"_bbp_topic_count":0,"_bbp_reply_count":0,"_bbp_total_topic_count":0,"_bbp_total_reply_count":0,"_bbp_voice_count":0,"_bbp_anonymous_reply_count":0,"_bbp_topic_count_hidden":0,"_bbp_reply_count_hidden":0,"_bbp_forum_subforum_count":0,"footnotes":""},"categories":[3,4],"tags":[],"class_list":["post-266","post","type-post","status-publish","format-standard","has-post-thumbnail","hentry","category-article","category-delegation"],"jetpack_featured_media_url":"https:\/\/dden33.org\/libourne1\/wp-content\/uploads\/sites\/21\/2016\/07\/libourne1.jpg","_links":{"self":[{"href":"https:\/\/dden33.org\/libourne1\/wp-json\/wp\/v2\/posts\/266","targetHints":{"allow":["GET"]}}],"collection":[{"href":"https:\/\/dden33.org\/libourne1\/wp-json\/wp\/v2\/posts"}],"about":[{"href":"https:\/\/dden33.org\/libourne1\/wp-json\/wp\/v2\/types\/post"}],"author":[{"embeddable":true,"href":"https:\/\/dden33.org\/libourne1\/wp-json\/wp\/v2\/users\/2"}],"replies":[{"embeddable":true,"href":"https:\/\/dden33.org\/libourne1\/wp-json\/wp\/v2\/comments?post=266"}],"version-history":[{"count":1,"href":"https:\/\/dden33.org\/libourne1\/wp-json\/wp\/v2\/posts\/266\/revisions"}],"predecessor-version":[{"id":267,"href":"https:\/\/dden33.org\/libourne1\/wp-json\/wp\/v2\/posts\/266\/revisions\/267"}],"wp:featuredmedia":[{"embeddable":true,"href":"https:\/\/dden33.org\/libourne1\/wp-json\/wp\/v2\/media\/5"}],"wp:attachment":[{"href":"https:\/\/dden33.org\/libourne1\/wp-json\/wp\/v2\/media?parent=266"}],"wp:term":[{"taxonomy":"category","embeddable":true,"href":"https:\/\/dden33.org\/libourne1\/wp-json\/wp\/v2\/categories?post=266"},{"taxonomy":"post_tag","embeddable":true,"href":"https:\/\/dden33.org\/libourne1\/wp-json\/wp\/v2\/tags?post=266"}],"curies":[{"name":"wp","href":"https:\/\/api.w.org\/{rel}","templated":true}]}}