{"id":251,"date":"2023-04-07T17:13:07","date_gmt":"2023-04-07T15:13:07","guid":{"rendered":"https:\/\/dden33.org\/saint-medard\/?p=251"},"modified":"2023-04-07T17:13:08","modified_gmt":"2023-04-07T15:13:08","slug":"conseil-municipal-des-enfants","status":"publish","type":"post","link":"https:\/\/dden33.org\/saint-medard\/2023\/04\/07\/conseil-municipal-des-enfants\/","title":{"rendered":"Conseil municipal des enfants"},"content":{"rendered":"\n<p>Mardi 21 f\u00e9vrier les Dden d\u2019Eysines \u00e9taient invit\u00e9s \u00e0 l\u2019installation du conseil municipal des enfants.<\/p>\n\n\n\n<p>31 \u00e9l\u00e8ves&nbsp; de 8 \u00e0 9 ans&nbsp; des classes de Ce2 et cm1&nbsp; se sont r\u00e9unis en pr\u00e9sence de Mme le Maire et des membres du conseil municipal.<\/p>\n\n\n\n<p>\u00ab\u00a0 vous avez eu le courage de vous engager et de repr\u00e9senter vos camarades \u00bbleur a t elle dit. Puis M. Tran conseiller municipal a encha\u00een\u00e9\u00a0 rappelant les projets r\u00e9alis\u00e9s l\u2019an pass\u00e9 : formation aux premiers secours,plantation d\u2019arbres fruitiers ,mise en place de menus v\u00e9g\u00e9tariens\u2026 Les jeunes pr\u00e9sents vont re\u00e7u des explications sur leur droit et devoirs d\u2019\u00e9lu,sur leur travail en commission.Chacun a ensuite pr\u00e9sent\u00e9 son projet ; l\u2019un d\u2019entre eux a sugg\u00e9r\u00e9 un accompagnement\u00a0 aupr\u00e8s des personnes \u00e2g\u00e9es ,un autre s\u2019est int\u00e9ress\u00e9 au probl\u00e8me de la restauration scolaire..<\/p>\n\n\n\n<p>Les enfants ,\u00e9lus pour 2 ans seront r\u00e9partis en deux commissions ,culture et solidarit\u00e9 ,sport et environnement.Les propositions seront soumises \u00e0 l\u2019assembl\u00e9e pl\u00e9ni\u00e8re et les projets formalis\u00e9s&nbsp; seront examin\u00e9s par le conseil municipal adulte pour aboutir \u00e0 des r\u00e9alisations concr\u00e8tes.<\/p>\n\n\n\n<p>Apr\u00e8s avoir f\u00e9licit\u00e9 ces futurs citoyens, la Dden pr\u00e9sente&nbsp; leur a dit toute la fiert\u00e9 qu\u2019elle avait de souligner la pr\u00e9sence d\u2019anciens \u00e9l\u00e8ves de l\u2019\u00e9cole du bourg ,membre du conseil municipal actuel.<\/p>\n","protected":false},"excerpt":{"rendered":"<p>Mardi 21 f\u00e9vrier les Dden d\u2019Eysines \u00e9taient invit\u00e9s \u00e0 l\u2019installation du conseil municipal des enfants. 31 \u00e9l\u00e8ves&nbsp; de 8 \u00e0 9 ans&nbsp; des classes de Ce2 et cm1&nbsp; se sont r\u00e9unis en pr\u00e9sence de Mme le Maire et des membres du conseil municipal. \u00ab\u00a0 vous avez eu le courage de vous engager et de repr\u00e9senter &hellip; <a href=\"https:\/\/dden33.org\/saint-medard\/2023\/04\/07\/conseil-municipal-des-enfants\/\" class=\"more-link\">Continuer la lecture de <span class=\"screen-reader-text\">Conseil municipal des enfants<\/span> <span class=\"meta-nav\">&rarr;<\/span><\/a><\/p>\n","protected":false},"author":2,"featured_media":0,"comment_status":"closed","ping_status":"closed","sticky":false,"template":"","format":"standard","meta":{"_bbp_topic_count":0,"_bbp_reply_count":0,"_bbp_total_topic_count":0,"_bbp_total_reply_count":0,"_bbp_voice_count":0,"_bbp_anonymous_reply_count":0,"_bbp_topic_count_hidden":0,"_bbp_reply_count_hidden":0,"_bbp_forum_subforum_count":0,"footnotes":""},"categories":[5,4],"tags":[],"class_list":["post-251","post","type-post","status-publish","format-standard","hentry","category-article","category-delegation-2"],"jetpack_featured_media_url":"","_links":{"self":[{"href":"https:\/\/dden33.org\/saint-medard\/wp-json\/wp\/v2\/posts\/251","targetHints":{"allow":["GET"]}}],"collection":[{"href":"https:\/\/dden33.org\/saint-medard\/wp-json\/wp\/v2\/posts"}],"about":[{"href":"https:\/\/dden33.org\/saint-medard\/wp-json\/wp\/v2\/types\/post"}],"author":[{"embeddable":true,"href":"https:\/\/dden33.org\/saint-medard\/wp-json\/wp\/v2\/users\/2"}],"replies":[{"embeddable":true,"href":"https:\/\/dden33.org\/saint-medard\/wp-json\/wp\/v2\/comments?post=251"}],"version-history":[{"count":1,"href":"https:\/\/dden33.org\/saint-medard\/wp-json\/wp\/v2\/posts\/251\/revisions"}],"predecessor-version":[{"id":252,"href":"https:\/\/dden33.org\/saint-medard\/wp-json\/wp\/v2\/posts\/251\/revisions\/252"}],"wp:attachment":[{"href":"https:\/\/dden33.org\/saint-medard\/wp-json\/wp\/v2\/media?parent=251"}],"wp:term":[{"taxonomy":"category","embeddable":true,"href":"https:\/\/dden33.org\/saint-medard\/wp-json\/wp\/v2\/categories?post=251"},{"taxonomy":"post_tag","embeddable":true,"href":"https:\/\/dden33.org\/saint-medard\/wp-json\/wp\/v2\/tags?post=251"}],"curies":[{"name":"wp","href":"https:\/\/api.w.org\/{rel}","templated":true}]}}