{"id":27,"date":"2016-05-30T22:44:09","date_gmt":"2016-05-30T20:44:09","guid":{"rendered":"https:\/\/dden33.org\/saint-medard\/?p=27"},"modified":"2017-10-07T15:51:12","modified_gmt":"2017-10-07T13:51:12","slug":"les-communes-de-la-delegation-2","status":"publish","type":"post","link":"https:\/\/dden33.org\/saint-medard\/2016\/05\/30\/les-communes-de-la-delegation-2\/","title":{"rendered":"Les communes de la d\u00e9l\u00e9gation"},"content":{"rendered":"<ul style=\"list-style-type: circle;\">\n<li>\n<table style=\"height: 473px; width: 753.35px;\">\n<tbody>\n<tr style=\"height: 18px;\">\n<td style=\"width: 729.35px; height: 18px;\" colspan=\"2\">\n<h4 style=\"text-align: center;\">La D\u00e9l\u00e9gation de Saint M\u00e9dard en Jalles couvre les communes suivantes :<\/h4>\n<\/td>\n<\/tr>\n<tr style=\"height: 280px;\">\n<td style=\"width: 244px; height: 280px;\"><img loading=\"lazy\" decoding=\"async\" class=\"alignnone size-medium wp-image-192\" src=\"https:\/\/dden33.org\/saint-medard\/wp-content\/uploads\/sites\/2\/2017\/08\/ST_MEDARD_EN_JALLES-300x208.jpg\" alt=\"\" width=\"300\" height=\"208\" srcset=\"https:\/\/dden33.org\/saint-medard\/wp-content\/uploads\/sites\/2\/2017\/08\/ST_MEDARD_EN_JALLES-300x208.jpg 300w, https:\/\/dden33.org\/saint-medard\/wp-content\/uploads\/sites\/2\/2017\/08\/ST_MEDARD_EN_JALLES-768x533.jpg 768w, https:\/\/dden33.org\/saint-medard\/wp-content\/uploads\/sites\/2\/2017\/08\/ST_MEDARD_EN_JALLES-1024x710.jpg 1024w, https:\/\/dden33.org\/saint-medard\/wp-content\/uploads\/sites\/2\/2017\/08\/ST_MEDARD_EN_JALLES-600x416.jpg 600w, https:\/\/dden33.org\/saint-medard\/wp-content\/uploads\/sites\/2\/2017\/08\/ST_MEDARD_EN_JALLES.jpg 1073w\" sizes=\"auto, (max-width: 300px) 100vw, 300px\" \/><\/td>\n<td style=\"width: 485.35px; height: 280px;\">\n<ul>\n<li>\n<div>EYSINES<\/div>\n<\/li>\n<li>\n<div>LE HAILLAN<\/div>\n<\/li>\n<li>\n<div>LE TAILLAN M\u00c9DOC<\/div>\n<\/li>\n<li>\n<div>MARTIGNAS<\/div>\n<\/li>\n<li>\n<div>SAINT AUBIN DE M\u00c9DOC<\/div>\n<\/li>\n<li>\n<div>SAINT M\u00c9DARD EN JALLES<\/div>\n<\/li>\n<li>\n<div>SALAUNES<\/div>\n<\/li>\n<\/ul>\n<\/td>\n<\/tr>\n<\/tbody>\n<\/table>\n<p><a href=\"https:\/\/dden33.org\/saint-medard\/wp-content\/uploads\/sites\/2\/2016\/05\/ST_MEDARD_453606.jpg\">Voir\u00a0 la Carte circonscription Saint M\u00e9dard<\/a><\/li>\n<\/ul>\n","protected":false},"excerpt":{"rendered":"<p>La D\u00e9l\u00e9gation de Saint M\u00e9dard en Jalles couvre les communes suivantes : EYSINES LE HAILLAN LE TAILLAN M\u00c9DOC MARTIGNAS SAINT AUBIN DE M\u00c9DOC SAINT M\u00c9DARD EN JALLES SALAUNES Voir\u00a0 la Carte circonscription Saint M\u00e9dard<\/p>\n","protected":false},"author":1,"featured_media":0,"comment_status":"closed","ping_status":"closed","sticky":false,"template":"","format":"standard","meta":{"_bbp_topic_count":0,"_bbp_reply_count":0,"_bbp_total_topic_count":0,"_bbp_total_reply_count":0,"_bbp_voice_count":0,"_bbp_anonymous_reply_count":0,"_bbp_topic_count_hidden":0,"_bbp_reply_count_hidden":0,"_bbp_forum_subforum_count":0,"footnotes":""},"categories":[1],"tags":[],"class_list":["post-27","post","type-post","status-publish","format-standard","hentry","category-non-classe"],"jetpack_featured_media_url":"","_links":{"self":[{"href":"https:\/\/dden33.org\/saint-medard\/wp-json\/wp\/v2\/posts\/27","targetHints":{"allow":["GET"]}}],"collection":[{"href":"https:\/\/dden33.org\/saint-medard\/wp-json\/wp\/v2\/posts"}],"about":[{"href":"https:\/\/dden33.org\/saint-medard\/wp-json\/wp\/v2\/types\/post"}],"author":[{"embeddable":true,"href":"https:\/\/dden33.org\/saint-medard\/wp-json\/wp\/v2\/users\/1"}],"replies":[{"embeddable":true,"href":"https:\/\/dden33.org\/saint-medard\/wp-json\/wp\/v2\/comments?post=27"}],"version-history":[{"count":11,"href":"https:\/\/dden33.org\/saint-medard\/wp-json\/wp\/v2\/posts\/27\/revisions"}],"predecessor-version":[{"id":203,"href":"https:\/\/dden33.org\/saint-medard\/wp-json\/wp\/v2\/posts\/27\/revisions\/203"}],"wp:attachment":[{"href":"https:\/\/dden33.org\/saint-medard\/wp-json\/wp\/v2\/media?parent=27"}],"wp:term":[{"taxonomy":"category","embeddable":true,"href":"https:\/\/dden33.org\/saint-medard\/wp-json\/wp\/v2\/categories?post=27"},{"taxonomy":"post_tag","embeddable":true,"href":"https:\/\/dden33.org\/saint-medard\/wp-json\/wp\/v2\/tags?post=27"}],"curies":[{"name":"wp","href":"https:\/\/api.w.org\/{rel}","templated":true}]}}