{"id":279,"date":"2024-10-15T14:51:11","date_gmt":"2024-10-15T12:51:11","guid":{"rendered":"https:\/\/dden33.org\/saint-medard\/?p=279"},"modified":"2024-10-15T15:02:10","modified_gmt":"2024-10-15T13:02:10","slug":"reunion-de-la-delegation-dden-du-7-octobre-2024","status":"publish","type":"post","link":"https:\/\/dden33.org\/saint-medard\/2024\/10\/15\/reunion-de-la-delegation-dden-du-7-octobre-2024\/","title":{"rendered":"R\u00e9union de la d\u00e9l\u00e9gation DDEN du 7 octobre 2024"},"content":{"rendered":"\n<p>Elle s&rsquo;est tenue au secr\u00e9tariat de l&rsquo;IEN \u00e0 Saint M\u00e9dard en Jalles.<\/p>\n<p>Pr\u00e9sents : Mme BONNET IEN , Mme DARROUZES DDEN pr\u00e9sidente de la d\u00e9l\u00e9gation, Mmes HARRIET, LESPITAOU, GACHASSIN, GOMINET DDEN<\/p>\n<p>Mrs LAHITTE, GOMINET DDEN<\/p>\n<p>Excus\u00e9s : Mme LACASTE, M. NOUVEAU<\/p>\n<p>Mme Darrouzes remercie les participants pour leur pr\u00e9sence ( 7 sur 8 ). Mme l&rsquo;Inspectrice pr\u00e9sente ses excuses pour n&rsquo;avoir pu organiser de r\u00e9union au cours de l&rsquo;ann\u00e9e scolaire pr\u00e9c\u00e9dente. Elle s&rsquo;engage \u00e0 nous r\u00e9unir \u00e0 nouveau au mois de mars 2025, au moment de la carte scolaire.&nbsp;<\/p>\n<p>Apr\u00e8s un tour de table autour duquel chacun se pr\u00e9sente et dresse le profil de l&rsquo;\u00e9tablissement dont il a la charge, nous avons le plaisir d&rsquo;accueillir Mme LEBRAS et le regret de voir partir Mme MORNON et M. DURAND. La pr\u00e9sidente de la d\u00e9l\u00e9gation les remercie pour leur investissement aupr\u00e8s des \u00e9l\u00e8ves de St M\u00e9dard.&nbsp;<\/p>\n<p>Mme BONNET, IEN, nous propose ensuite la pr\u00e9sentation de la circonscription sous forme d&rsquo;un Powerpoint. Cliquez sur l&rsquo;image qui suit pour la parcourir :<\/p>\n<p style=\"text-align: center\"><a href=\"https:\/\/dden33.org\/saint-medard\/wp-content\/uploads\/sites\/2\/2024\/10\/REUNION-DDEN-PRESENTATION-CIRCO-IEN.pdf\"><img loading=\"lazy\" decoding=\"async\" class=\"alignnone  wp-image-278\" src=\"https:\/\/dden33.org\/saint-medard\/wp-content\/uploads\/sites\/2\/2024\/10\/Screenshot-2024-10-15-14.26.17-283x300.png\" alt=\"\" width=\"188\" height=\"199\" srcset=\"https:\/\/dden33.org\/saint-medard\/wp-content\/uploads\/sites\/2\/2024\/10\/Screenshot-2024-10-15-14.26.17-283x300.png 283w, https:\/\/dden33.org\/saint-medard\/wp-content\/uploads\/sites\/2\/2024\/10\/Screenshot-2024-10-15-14.26.17.png 395w\" sizes=\"auto, (max-width: 188px) 100vw, 188px\" \/><\/a>&nbsp;<\/p>\n<p>Nous remercions vivement Mme Bonnet pour cet \u00e9clairage complet sur la circonscription et pour les r\u00e9ponses apport\u00e9es aux inqui\u00e9tudes de certains de nos coll\u00e8gues ainsi que pour la confiance qu&rsquo;elle nous manifeste.&nbsp;<\/p>\n<p>Mme Darrouzes rappelle les quatre op\u00e9rations organis\u00e9es par l&rsquo;association Union DDEN33 et demande aux DDEN de sensibiliser les enseignants afin de mettre en valeur le travail des \u00e9l\u00e8ves et de les r\u00e9compenser. Elle informe que l&rsquo;Assembl\u00e9e G\u00e9n\u00e9rale se tiendra \u00e0 Lormont le 22 ou le 29 mars 2025.&nbsp;<\/p>\n<p>La s\u00e9ance est lev\u00e9e \u00e0 16H45<\/p>\n\n\n","protected":false},"excerpt":{"rendered":"<p>Elle s&rsquo;est tenue au secr\u00e9tariat de l&rsquo;IEN \u00e0 Saint M\u00e9dard en Jalles. Pr\u00e9sents : Mme BONNET IEN , Mme DARROUZES DDEN pr\u00e9sidente de la d\u00e9l\u00e9gation, Mmes HARRIET, LESPITAOU, GACHASSIN, GOMINET DDEN Mrs LAHITTE, GOMINET DDEN Excus\u00e9s : Mme LACASTE, M. NOUVEAU Mme Darrouzes remercie les participants pour leur pr\u00e9sence ( 7 sur 8 ). Mme &hellip; <a href=\"https:\/\/dden33.org\/saint-medard\/2024\/10\/15\/reunion-de-la-delegation-dden-du-7-octobre-2024\/\" class=\"more-link\">Continuer la lecture de <span class=\"screen-reader-text\">R\u00e9union de la d\u00e9l\u00e9gation DDEN du 7 octobre 2024<\/span> <span class=\"meta-nav\">&rarr;<\/span><\/a><\/p>\n","protected":false},"author":18,"featured_media":0,"comment_status":"closed","ping_status":"closed","sticky":false,"template":"","format":"standard","meta":{"_bbp_topic_count":0,"_bbp_reply_count":0,"_bbp_total_topic_count":0,"_bbp_total_reply_count":0,"_bbp_voice_count":0,"_bbp_anonymous_reply_count":0,"_bbp_topic_count_hidden":0,"_bbp_reply_count_hidden":0,"_bbp_forum_subforum_count":0,"footnotes":""},"categories":[4],"tags":[],"class_list":["post-279","post","type-post","status-publish","format-standard","hentry","category-delegation-2"],"jetpack_featured_media_url":"","_links":{"self":[{"href":"https:\/\/dden33.org\/saint-medard\/wp-json\/wp\/v2\/posts\/279","targetHints":{"allow":["GET"]}}],"collection":[{"href":"https:\/\/dden33.org\/saint-medard\/wp-json\/wp\/v2\/posts"}],"about":[{"href":"https:\/\/dden33.org\/saint-medard\/wp-json\/wp\/v2\/types\/post"}],"author":[{"embeddable":true,"href":"https:\/\/dden33.org\/saint-medard\/wp-json\/wp\/v2\/users\/18"}],"replies":[{"embeddable":true,"href":"https:\/\/dden33.org\/saint-medard\/wp-json\/wp\/v2\/comments?post=279"}],"version-history":[{"count":2,"href":"https:\/\/dden33.org\/saint-medard\/wp-json\/wp\/v2\/posts\/279\/revisions"}],"predecessor-version":[{"id":282,"href":"https:\/\/dden33.org\/saint-medard\/wp-json\/wp\/v2\/posts\/279\/revisions\/282"}],"wp:attachment":[{"href":"https:\/\/dden33.org\/saint-medard\/wp-json\/wp\/v2\/media?parent=279"}],"wp:term":[{"taxonomy":"category","embeddable":true,"href":"https:\/\/dden33.org\/saint-medard\/wp-json\/wp\/v2\/categories?post=279"},{"taxonomy":"post_tag","embeddable":true,"href":"https:\/\/dden33.org\/saint-medard\/wp-json\/wp\/v2\/tags?post=279"}],"curies":[{"name":"wp","href":"https:\/\/api.w.org\/{rel}","templated":true}]}}