{"id":640,"date":"2016-11-17T14:57:57","date_gmt":"2016-11-17T13:57:57","guid":{"rendered":"https:\/\/dden33.org\/talence\/?p=640"},"modified":"2017-01-30T14:17:41","modified_gmt":"2017-01-30T13:17:41","slug":"les-petites-mains-vertes","status":"publish","type":"post","link":"https:\/\/dden33.org\/talence\/2016\/11\/17\/les-petites-mains-vertes\/","title":{"rendered":"Les petites mains vertes"},"content":{"rendered":"<p><strong>Cette ann\u00e9e 2016, les DDEN de Villenave d\u2019Ornon ont visit\u00e9 les jardins de trois \u00e9coles de la commune.<\/strong><\/p>\n<p>La visite a commenc\u00e9 par l\u2019\u00e9cole maternelle Jules Michelet, dirig\u00e9e par Madame Torr\u00e8s Torr\u00e9a.<br \/>\nL\u2019activit\u00e9 au jardin est conduite par les ma\u00eetresses, Madame Perclerancier et Madame Charles, et r\u00e9alis\u00e9e par les enfants de grande section et moyens grands. Les petits donnent aussi un coup de main \u00e0 l\u2019occasion ! Un magnifique potager aux plantations tr\u00e8s vari\u00e9es se tient derri\u00e8re l\u2019\u00e9cole. Ce jour l\u00e0, un \u00e9pouvantail allait y \u00eatre install\u00e9 pour\u00a0 sauver les fraises. Les l\u00e9gumes et les fruits ainsi cultiv\u00e9s sont consomm\u00e9s en classe par les enfants. Une activit\u00e9 p\u00e9dagogique qui permet une r\u00e9elle connaissance des plantes, et une \u00e9ducation au go\u00fbt.<br \/>\nBravo \u00e0 tous, petits et grands.<br \/>\nL\u2019 \u00e9cole L\u00e9on Blum, dirig\u00e9e par Laurent Chabaud, et l\u2019\u00e9cole Jean Moulin, dirig\u00e9e par Nathalie Andr\u00e8s, nous offrent deux potagers, avec radis, pommes de terre, radis rose et noir\u2026f\u00e8ves ,salades ,haricots verts, petits pois, et autres aromates .Ici aussi , on r\u00e9colte et on go\u00fbte. On composte \u00e9galement avec l\u2019aide des dames de cantine \u00e0 l\u2019\u00e9cole L. Blum.<br \/>\nLes activit\u00e9s se poursuivent en classe o\u00f9 la th\u00e9orie rejoint la pratique : on sait maintenant reconna\u00eetre les plantes et on conna\u00eet le nom des\u00a0 outils de jardinage.<br \/>\nLa culture des c\u00e9r\u00e9ales, bl\u00e9, orge et avoine a passionn\u00e9 les enfants \u00e0 l\u2019\u00e9cole J. Moulin.<br \/>\nD\u2019autre part, dans ce jardin devenu solidaire depuis l\u2019an pass\u00e9, les l\u00e9gumes qui ne peuvent pas \u00eatre go\u00fbt\u00e9s par les enfants (r\u00e9colte estivale) sont donn\u00e9s au Secours populaire<br \/>\nUne aide de la commune est apport\u00e9e dans les 3 \u00e9coles : tonte et r\u00e9serve d\u2019eau.<br \/>\nNous ne doutons pas que l\u2019an prochain verra la rencontre de nouveaux jardins.<br \/>\nLes DDEN (D\u00e9l\u00e9gu\u00e9 D\u00e9partemental de l\u2019Education Nationale) Anne Legras, Suzy Cougnet, Fran\u00e7oise Besan\u00e7on, Marc Doche et Claude Latrille.<\/p>\n<p>Anne Legras, Suzy Cougnet, Fran\u00e7oise Besan\u00e7on Marc Doche et Claude Latrille, DDEN de la circonscription de Talence Villenave ont particip\u00e9 \u00e0 ces visites.<\/p>\n","protected":false},"excerpt":{"rendered":"<p>Cette ann\u00e9e 2016, les DDEN de Villenave d\u2019Ornon ont visit\u00e9 les jardins de trois \u00e9coles de la commune. La visite a commenc\u00e9 par l\u2019\u00e9cole maternelle Jules Michelet, dirig\u00e9e par Madame Torr\u00e8s Torr\u00e9a. L\u2019activit\u00e9 au jardin est conduite par les ma\u00eetresses, Madame Perclerancier et Madame Charles, et r\u00e9alis\u00e9e par les enfants de grande section et moyens &hellip; <a href=\"https:\/\/dden33.org\/talence\/2016\/11\/17\/les-petites-mains-vertes\/\" class=\"more-link\">Continuer la lecture de <span class=\"screen-reader-text\">Les petites mains vertes<\/span> <span class=\"meta-nav\">&rarr;<\/span><\/a><\/p>\n","protected":false},"author":2,"featured_media":0,"comment_status":"open","ping_status":"open","sticky":false,"template":"","format":"standard","meta":{"_bbp_topic_count":0,"_bbp_reply_count":0,"_bbp_total_topic_count":0,"_bbp_total_reply_count":0,"_bbp_voice_count":0,"_bbp_anonymous_reply_count":0,"_bbp_topic_count_hidden":0,"_bbp_reply_count_hidden":0,"_bbp_forum_subforum_count":0,"footnotes":""},"categories":[3,4],"tags":[],"class_list":["post-640","post","type-post","status-publish","format-standard","hentry","category-article","category-delegation"],"jetpack_featured_media_url":"","_links":{"self":[{"href":"https:\/\/dden33.org\/talence\/wp-json\/wp\/v2\/posts\/640","targetHints":{"allow":["GET"]}}],"collection":[{"href":"https:\/\/dden33.org\/talence\/wp-json\/wp\/v2\/posts"}],"about":[{"href":"https:\/\/dden33.org\/talence\/wp-json\/wp\/v2\/types\/post"}],"author":[{"embeddable":true,"href":"https:\/\/dden33.org\/talence\/wp-json\/wp\/v2\/users\/2"}],"replies":[{"embeddable":true,"href":"https:\/\/dden33.org\/talence\/wp-json\/wp\/v2\/comments?post=640"}],"version-history":[{"count":1,"href":"https:\/\/dden33.org\/talence\/wp-json\/wp\/v2\/posts\/640\/revisions"}],"predecessor-version":[{"id":641,"href":"https:\/\/dden33.org\/talence\/wp-json\/wp\/v2\/posts\/640\/revisions\/641"}],"wp:attachment":[{"href":"https:\/\/dden33.org\/talence\/wp-json\/wp\/v2\/media?parent=640"}],"wp:term":[{"taxonomy":"category","embeddable":true,"href":"https:\/\/dden33.org\/talence\/wp-json\/wp\/v2\/categories?post=640"},{"taxonomy":"post_tag","embeddable":true,"href":"https:\/\/dden33.org\/talence\/wp-json\/wp\/v2\/tags?post=640"}],"curies":[{"name":"wp","href":"https:\/\/api.w.org\/{rel}","templated":true}]}}