{"id":666,"date":"2017-07-29T15:25:21","date_gmt":"2017-07-29T13:25:21","guid":{"rendered":"https:\/\/dden33.org\/talence\/?p=666"},"modified":"2017-07-29T15:25:21","modified_gmt":"2017-07-29T13:25:21","slug":"concert-de-lecole-leon-blum-de-villenave-dornon","status":"publish","type":"post","link":"https:\/\/dden33.org\/talence\/2017\/07\/29\/concert-de-lecole-leon-blum-de-villenave-dornon\/","title":{"rendered":"Concert de l\u2019\u00e9cole L\u00e9on Blum de Villenave d\u2019Ornon"},"content":{"rendered":"<p><span style=\"color: #000000; font-family: Calibri;\">Dans la belle salle du Cube bond\u00e9e, ce soir-l\u00e0, le mercredi 5 juillet, les enfants de l&rsquo;\u00e9cole L\u00e9on Blum ont chant\u00e9 : un magnifique r\u00e9pertoire, un ensemble parfait, une organisation sans faille.<\/span><\/p>\n<p><span style=\"color: #000000; font-family: Calibri;\">Bravo et merci \u00e0 tous, enfants, enseignants et pianiste pour ce spectacle r\u00e9jouissant, r\u00e9sultat d&rsquo;un travail assidu et pers\u00e9v\u00e9rant.<\/span><\/p>\n<p><img loading=\"lazy\" decoding=\"async\" class=\"alignnone size-large wp-image-665\" src=\"https:\/\/dden33.org\/talence\/wp-content\/uploads\/sites\/4\/2017\/07\/20170705_222237-1-1024x576.jpg\" alt=\"\" width=\"604\" height=\"340\" srcset=\"https:\/\/dden33.org\/talence\/wp-content\/uploads\/sites\/4\/2017\/07\/20170705_222237-1-1024x576.jpg 1024w, https:\/\/dden33.org\/talence\/wp-content\/uploads\/sites\/4\/2017\/07\/20170705_222237-1-300x169.jpg 300w, https:\/\/dden33.org\/talence\/wp-content\/uploads\/sites\/4\/2017\/07\/20170705_222237-1-768x432.jpg 768w, https:\/\/dden33.org\/talence\/wp-content\/uploads\/sites\/4\/2017\/07\/20170705_222237-1-600x338.jpg 600w\" sizes=\"auto, (max-width: 604px) 100vw, 604px\" \/> <img loading=\"lazy\" decoding=\"async\" class=\"alignnone size-large wp-image-664\" src=\"https:\/\/dden33.org\/talence\/wp-content\/uploads\/sites\/4\/2017\/07\/20170705_222543-1-1024x576.jpg\" alt=\"\" width=\"604\" height=\"340\" srcset=\"https:\/\/dden33.org\/talence\/wp-content\/uploads\/sites\/4\/2017\/07\/20170705_222543-1-1024x576.jpg 1024w, https:\/\/dden33.org\/talence\/wp-content\/uploads\/sites\/4\/2017\/07\/20170705_222543-1-300x169.jpg 300w, https:\/\/dden33.org\/talence\/wp-content\/uploads\/sites\/4\/2017\/07\/20170705_222543-1-768x432.jpg 768w, https:\/\/dden33.org\/talence\/wp-content\/uploads\/sites\/4\/2017\/07\/20170705_222543-1-600x338.jpg 600w\" sizes=\"auto, (max-width: 604px) 100vw, 604px\" \/><\/p>\n<p><span style=\"color: #000000; font-family: Calibri;\">Quelle belle soir\u00e9e !<\/span><\/p>\n","protected":false},"excerpt":{"rendered":"<p>Dans la belle salle du Cube bond\u00e9e, ce soir-l\u00e0, le mercredi 5 juillet, les enfants de l&rsquo;\u00e9cole L\u00e9on Blum ont chant\u00e9 : un magnifique r\u00e9pertoire, un ensemble parfait, une organisation sans faille. Bravo et merci \u00e0 tous, enfants, enseignants et pianiste pour ce spectacle r\u00e9jouissant, r\u00e9sultat d&rsquo;un travail assidu et pers\u00e9v\u00e9rant. Quelle belle soir\u00e9e !<\/p>\n","protected":false},"author":2,"featured_media":656,"comment_status":"open","ping_status":"open","sticky":false,"template":"","format":"standard","meta":{"_bbp_topic_count":0,"_bbp_reply_count":0,"_bbp_total_topic_count":0,"_bbp_total_reply_count":0,"_bbp_voice_count":0,"_bbp_anonymous_reply_count":0,"_bbp_topic_count_hidden":0,"_bbp_reply_count_hidden":0,"_bbp_forum_subforum_count":0,"footnotes":""},"categories":[3,4],"tags":[],"class_list":["post-666","post","type-post","status-publish","format-standard","has-post-thumbnail","hentry","category-article","category-delegation"],"jetpack_featured_media_url":"https:\/\/dden33.org\/talence\/wp-content\/uploads\/sites\/4\/2017\/01\/tal.jpg","_links":{"self":[{"href":"https:\/\/dden33.org\/talence\/wp-json\/wp\/v2\/posts\/666","targetHints":{"allow":["GET"]}}],"collection":[{"href":"https:\/\/dden33.org\/talence\/wp-json\/wp\/v2\/posts"}],"about":[{"href":"https:\/\/dden33.org\/talence\/wp-json\/wp\/v2\/types\/post"}],"author":[{"embeddable":true,"href":"https:\/\/dden33.org\/talence\/wp-json\/wp\/v2\/users\/2"}],"replies":[{"embeddable":true,"href":"https:\/\/dden33.org\/talence\/wp-json\/wp\/v2\/comments?post=666"}],"version-history":[{"count":1,"href":"https:\/\/dden33.org\/talence\/wp-json\/wp\/v2\/posts\/666\/revisions"}],"predecessor-version":[{"id":667,"href":"https:\/\/dden33.org\/talence\/wp-json\/wp\/v2\/posts\/666\/revisions\/667"}],"wp:featuredmedia":[{"embeddable":true,"href":"https:\/\/dden33.org\/talence\/wp-json\/wp\/v2\/media\/656"}],"wp:attachment":[{"href":"https:\/\/dden33.org\/talence\/wp-json\/wp\/v2\/media?parent=666"}],"wp:term":[{"taxonomy":"category","embeddable":true,"href":"https:\/\/dden33.org\/talence\/wp-json\/wp\/v2\/categories?post=666"},{"taxonomy":"post_tag","embeddable":true,"href":"https:\/\/dden33.org\/talence\/wp-json\/wp\/v2\/tags?post=666"}],"curies":[{"name":"wp","href":"https:\/\/api.w.org\/{rel}","templated":true}]}}