{"id":701,"date":"2017-10-18T15:43:47","date_gmt":"2017-10-18T13:43:47","guid":{"rendered":"https:\/\/dden33.org\/talence\/?p=701"},"modified":"2017-10-18T15:45:33","modified_gmt":"2017-10-18T13:45:33","slug":"circonscription-de-talence-reunion-dden-du-6-octobre-2017","status":"publish","type":"post","link":"https:\/\/dden33.org\/talence\/2017\/10\/18\/circonscription-de-talence-reunion-dden-du-6-octobre-2017\/","title":{"rendered":"Circonscription de Talence &#8211; R\u00e9union DDEN du 6 octobre 2017"},"content":{"rendered":"<p><span style=\"margin: 0px; line-height: 115%; font-family: 'Comic Sans MS'; font-size: 14pt;\"><span style=\"color: #000000;\">Notre premi\u00e8re r\u00e9union, en pr\u00e9sence de Mme Barbier, inspectrice en charge de la circonscription et de M. Nouveau, pr\u00e9sident d\u00e9partemental, s\u2019est tenue le 6 octobre.<\/span><\/span><\/p>\n<p><span style=\"margin: 0px; line-height: 115%; font-family: 'Comic Sans MS'; font-size: 14pt;\"><span style=\"color: #000000;\">Tous les DDEN de la circonscription \u00e9taient pr\u00e9sents.<\/span><\/span><\/p>\n<p><span style=\"margin: 0px; line-height: 115%; font-family: 'Comic Sans MS'; font-size: 14pt;\"><span style=\"color: #000000;\">A l\u2019ordre du jour, un point sur la rentr\u00e9e, plut\u00f4t bien pass\u00e9e.<\/span><\/span><\/p>\n<p><span style=\"margin: 0px; line-height: 115%; font-family: 'Comic Sans MS'; font-size: 14pt;\"><span style=\"color: #000000;\">On regrette la suppression des aides \u00e0 la direction\u00a0: un texte \u00e9manant de la F\u00e9d\u00e9ration des DDEN pourra \u00eatre lu au Conseil d\u2019Ecole.<\/span><\/span><\/p>\n<p><span style=\"margin: 0px; line-height: 115%; font-family: 'Comic Sans MS'; font-size: 14pt;\"><span style=\"color: #000000;\">Mme Barbier a rappel\u00e9 les modalit\u00e9s du d\u00e9roulement du Conseil d\u2019Ecole\u00a0: sa composition (seulement le nombre de parents pr\u00e9vu par les textes), le compte rendu (r\u00e9dig\u00e9 de pr\u00e9f\u00e9rence par un enseignant et en tout cas valid\u00e9 par le directeur), un r\u00e8glement int\u00e9rieur dont devrait se doter le conseil d\u2019\u00e9cole.<\/span><\/span><\/p>\n<p><span style=\"margin: 0px; line-height: 115%; font-family: 'Comic Sans MS'; font-size: 14pt;\"><span style=\"color: #000000;\">Quatre exercices de s\u00e9curit\u00e9 sont \u00e0 organiser\u00a0: 2 concernant l\u2019alerte incendie, un autre sera consacr\u00e9 au risque d\u2019intrusion et un autre aux risques majeurs.<\/span><\/span><\/p>\n<p><span style=\"margin: 0px; line-height: 115%; font-family: 'Comic Sans MS'; font-size: 14pt;\"><span style=\"color: #000000;\">Mme Barbier souhaite que nous puissions b\u00e9n\u00e9ficier d\u2019un temps, en d\u00e9but de C.E pour expliquer le r\u00f4le du DDEN.<\/span><\/span><\/p>\n<p><span style=\"margin: 0px; line-height: 115%; font-family: 'Comic Sans MS'; font-size: 14pt;\"><span style=\"color: #000000;\">M. Nouveau nous rappelle l\u2019importance de la Journ\u00e9e de la La\u00efcit\u00e9, qui cette ann\u00e9e sera valoris\u00e9e \u00e0 Brach, petite commune o\u00f9 une \u00e9cole va rouvrir. Symbole r\u00e9confortant.<\/span><\/span><\/p>\n<p><span style=\"margin: 0px; line-height: 115%; font-family: 'Comic Sans MS'; font-size: 14pt;\"><span style=\"color: #000000;\">R\u00e9sultats des Elections\u00a0:<\/span><\/span><\/p>\n<p><span style=\"margin: 0px; line-height: 115%; font-family: 'Comic Sans MS'; font-size: 14pt;\"><span style=\"color: #000000;\">Pr\u00e9sidente\u00a0: Mme Claude LATRILLE<\/span><\/span><\/p>\n<p><span style=\"margin: 0px; line-height: 115%; font-family: 'Comic Sans MS'; font-size: 14pt;\"><span style=\"color: #000000;\">Vice-Pr\u00e9sidente\u00a0: Mme Fran\u00e7oise BESANCON<\/span><\/span><\/p>\n<p><span style=\"margin: 0px; line-height: 115%; font-family: 'Comic Sans MS'; font-size: 14pt;\"><span style=\"color: #000000;\">\u00a0<\/span><\/span><\/p>\n<p><span style=\"margin: 0px; line-height: 115%; font-family: 'Comic Sans MS'; font-size: 14pt;\"><span style=\"color: #000000;\">Apr\u00e8s des \u00e9changes libres et informels, la r\u00e9union se termine \u00e0 15h30.<\/span><\/span><\/p>\n","protected":false},"excerpt":{"rendered":"<p>Notre premi\u00e8re r\u00e9union, en pr\u00e9sence de Mme Barbier, inspectrice en charge de la circonscription et de M. Nouveau, pr\u00e9sident d\u00e9partemental, s\u2019est tenue le 6 octobre. Tous les DDEN de la circonscription \u00e9taient pr\u00e9sents. A l\u2019ordre du jour, un point sur la rentr\u00e9e, plut\u00f4t bien pass\u00e9e. On regrette la suppression des aides \u00e0 la direction\u00a0: un &hellip; <a href=\"https:\/\/dden33.org\/talence\/2017\/10\/18\/circonscription-de-talence-reunion-dden-du-6-octobre-2017\/\" class=\"more-link\">Continuer la lecture de <span class=\"screen-reader-text\">Circonscription de Talence &#8211; R\u00e9union DDEN du 6 octobre 2017<\/span> <span class=\"meta-nav\">&rarr;<\/span><\/a><\/p>\n","protected":false},"author":2,"featured_media":656,"comment_status":"open","ping_status":"open","sticky":false,"template":"","format":"standard","meta":{"_bbp_topic_count":0,"_bbp_reply_count":0,"_bbp_total_topic_count":0,"_bbp_total_reply_count":0,"_bbp_voice_count":0,"_bbp_anonymous_reply_count":0,"_bbp_topic_count_hidden":0,"_bbp_reply_count_hidden":0,"_bbp_forum_subforum_count":0,"footnotes":""},"categories":[3,4],"tags":[],"class_list":["post-701","post","type-post","status-publish","format-standard","has-post-thumbnail","hentry","category-article","category-delegation"],"jetpack_featured_media_url":"https:\/\/dden33.org\/talence\/wp-content\/uploads\/sites\/4\/2017\/01\/tal.jpg","_links":{"self":[{"href":"https:\/\/dden33.org\/talence\/wp-json\/wp\/v2\/posts\/701","targetHints":{"allow":["GET"]}}],"collection":[{"href":"https:\/\/dden33.org\/talence\/wp-json\/wp\/v2\/posts"}],"about":[{"href":"https:\/\/dden33.org\/talence\/wp-json\/wp\/v2\/types\/post"}],"author":[{"embeddable":true,"href":"https:\/\/dden33.org\/talence\/wp-json\/wp\/v2\/users\/2"}],"replies":[{"embeddable":true,"href":"https:\/\/dden33.org\/talence\/wp-json\/wp\/v2\/comments?post=701"}],"version-history":[{"count":1,"href":"https:\/\/dden33.org\/talence\/wp-json\/wp\/v2\/posts\/701\/revisions"}],"predecessor-version":[{"id":702,"href":"https:\/\/dden33.org\/talence\/wp-json\/wp\/v2\/posts\/701\/revisions\/702"}],"wp:featuredmedia":[{"embeddable":true,"href":"https:\/\/dden33.org\/talence\/wp-json\/wp\/v2\/media\/656"}],"wp:attachment":[{"href":"https:\/\/dden33.org\/talence\/wp-json\/wp\/v2\/media?parent=701"}],"wp:term":[{"taxonomy":"category","embeddable":true,"href":"https:\/\/dden33.org\/talence\/wp-json\/wp\/v2\/categories?post=701"},{"taxonomy":"post_tag","embeddable":true,"href":"https:\/\/dden33.org\/talence\/wp-json\/wp\/v2\/tags?post=701"}],"curies":[{"name":"wp","href":"https:\/\/api.w.org\/{rel}","templated":true}]}}